{"id":62502,"date":"2026-01-07T19:03:41","date_gmt":"2026-01-07T19:03:41","guid":{"rendered":"https:\/\/todoapulmon-rafaela.com\/?p=62502"},"modified":"2026-01-07T19:03:41","modified_gmt":"2026-01-07T19:03:41","slug":"el-municipio-invita-a-disfrutar-un-verano-en-movimiento","status":"publish","type":"post","link":"https:\/\/todoapulmon-rafaela.com\/index.php\/2026\/01\/07\/el-municipio-invita-a-disfrutar-un-verano-en-movimiento\/","title":{"rendered":"El Municipio invita a disfrutar un verano en movimiento"},"content":{"rendered":"<div id=\"Encabezado\">\n<div class=\"Menues\">\n<div class=\"ContenedorMenues\">\n<div id=\"Menu1\" class=\"Oculto\" data-ng-class=\"{ 'Visible': Ms.MenuMovilVisible, 'Oculto': !Ms.MenuMovilVisible }\"><\/div>\n<\/div>\n<\/div>\n<\/div>\n<div id=\"Pagina\" data-ng-click=\"Ms.CerrarMenuMovil()\">\n<div class=\"ng-scope\">\n<div class=\"Cuerpo ng-scope\">\n<table class=\"TablaNoticia\" style=\"width: 0%\" border=\"0\" width=\"100%\" cellspacing=\"0\" cellpadding=\"0\">\n<tbody>\n<tr>\n<td style=\"width: 100%\" valign=\"top\"><\/td>\n<\/tr>\n<\/tbody>\n<\/table>\n<p>Con el objetivo de que la comunidad pueda disfrutar de la actividad deportiva al aire libre durante los meses de enero y febrero, la Municipalidad de Rafaela organiz\u00f3 una serie de Talleres de Verano, desde el lunes 12 de enero al viernes 27 de febrero.<\/p>\n<p>Una de las propuestas es Gimnasia para Adultos en distintos barrios de la ciudad. En la vecinal del barrio Villa del Parque (De\u00e1n Funes 700), ser\u00e1 los lunes y mi\u00e9rcoles a las 18:30. En la Placita Honda del barrio San Mart\u00edn (Viamonte y S\u00e1enz D\u00edaz) se desarrollar\u00e1 los lunes y mi\u00e9rcoles a las 7:00. Mientras que los mismos d\u00edas y en el mismo horario, tambi\u00e9n se ofrecer\u00e1 esta actividad en la Plaza de la Democracia de barrio Los Nogales (Falucho y Lincoln).<\/p>\n<p>En la Plaza de la Paz de barrio Guillermo Lehmann (N. \u00c1lvarez y Lorenzatti), Gimnasia para Adultos ser\u00e1 los lunes y mi\u00e9rcoles a las 19:30. Y en la Plaza Jos\u00e9 Hern\u00e1ndez del Mart\u00edn Fierro (Poggi y Mainardi), se llevar\u00e1 a cabo los lunes y mi\u00e9rcoles a las 8:00. En barrio Jard\u00edn, el lugar elegido para el encuentro es la Plazoleta 1\u00ba de Mayo (Falucho y Scalabrini Ortiz), los martes y viernes a las 19:30.<\/p>\n<p>Otra de las disciplinas que forman parte de este programa es Zumba. Los martes y viernes a las 20:00 ser\u00e1 en la Plaza Italia (Jaime Ferr\u00e9 y Bollinger). Los mismos d\u00edas pero a las 18:30, la actividad se desarrollar\u00e1 en la Plaza Esteban Laureano Maradona de barrio San Jos\u00e9 (Lavalle 2450). En la Plaza Cura Normando Corti de barrio Villa Rosas, la cita es los lunes y mi\u00e9rcoles a las 8:15.<\/p>\n<p>Para quienes opten por bailar, se ofrece una clase de Ritmos los mi\u00e9rcoles y viernes a las 20:00 en la Plaza Sargento Cabral de barrio Pizzurno (Bulevar Yrigoyen y Estanislao del Campo).<\/p>\n<p>La \u00faltima disciplina del Programa de Verano es Yoga. Los lunes y mi\u00e9rcoles a las 18:30, la invitaci\u00f3n es en la explanada detr\u00e1s de la vecinal de barrio F\u00e1tima. Los mismos d\u00edas pero a las 19:30, la actividad ser\u00e1 en la Plaza Eva Per\u00f3n de barrio Central C\u00f3rdoba (Gaboto 199). Los martes y jueves a las 19:30, la propuesta se traslada a la Plaza de la Paz de barrio Guillermo Lehmann (\u00c1lvarez y Lorenzatti).<\/p>\n<p>El barrio El Bosque tendr\u00e1 sus clases de Yoga los mi\u00e9rcoles a las 7:30 y los viernes a las 18:00 en el Bosquecito Besaccia (bulevar Yrigoyen y avenida Muriel), mientras que el barrio \u00c1lamos del Aeroclub tendr\u00e1 sus clases el lunes a las 7:00 y el mi\u00e9rcoles a las 19:30 en la Plaza Elda Massoni (avenida Los \u00c1lamos y Favaloro). Los jueves a las 10:00 y los viernes a las 16:30 ser\u00e1 el turno del barrio Villa Dominga en la Plaza Crist\u00f3bal Col\u00f3n (Edison y G\u00fcemes), mientras que los mi\u00e9rcoles y viernes a las 7:30, le corresponder\u00e1 al barrio 9 de Julio en su Plaza ubicada en Lisandro de la Torre y Balcarce.<\/p>\n<p>Por otro lado, Yoga tambi\u00e9n se ofrecer\u00e1 en el Parque de los Eucaliptus ubicado en barrio Sarmiento (Roque S\u00e1enz Pe\u00f1a 473), los lunes y mi\u00e9rcoles a las 17:30. Los mismos d\u00edas pero a las 16:00, el escenario ser\u00e1 la ciclov\u00eda de barrio Italia (avenida Brasil y J.V. Gonz\u00e1lez). En tanto que la Plaza Sarmiento (Espa\u00f1a y avenida Mitre) tendr\u00e1 sus clases los martes y jueves a las 18:00. El barrio Independencia en la Plaza Rodolfo Bienvenido Muriel (Eloy Gaitan y Arturo Illia) ofrecer\u00e1 esta propuesta a los vecinos, los d\u00edas lunes y mi\u00e9rcoles a las 7:00. Finalmente, los martes y viernes a las 9:30, la actividad se desarrollar\u00e1 en la ciclov\u00eda de calle Estanislao del Campo al 1600.<\/p><\/div>\n<\/div>\n<\/div>\n","protected":false},"excerpt":{"rendered":"<p>Con el objetivo de que la comunidad pueda disfrutar de la actividad deportiva al aire libre durante los meses de<\/p>\n","protected":false},"author":2,"featured_media":62504,"comment_status":"closed","ping_status":"closed","sticky":false,"template":"","format":"standard","meta":{"footnotes":""},"categories":[24],"tags":[],"class_list":["post-62502","post","type-post","status-publish","format-standard","has-post-thumbnail","hentry","category-noticias-destacadas"],"cc_featured_image_caption":{"caption_text":"Prensa Municipalidad ","source_text":"","source_url":""},"_links":{"self":[{"href":"https:\/\/todoapulmon-rafaela.com\/index.php\/wp-json\/wp\/v2\/posts\/62502"}],"collection":[{"href":"https:\/\/todoapulmon-rafaela.com\/index.php\/wp-json\/wp\/v2\/posts"}],"about":[{"href":"https:\/\/todoapulmon-rafaela.com\/index.php\/wp-json\/wp\/v2\/types\/post"}],"author":[{"embeddable":true,"href":"https:\/\/todoapulmon-rafaela.com\/index.php\/wp-json\/wp\/v2\/users\/2"}],"replies":[{"embeddable":true,"href":"https:\/\/todoapulmon-rafaela.com\/index.php\/wp-json\/wp\/v2\/comments?post=62502"}],"version-history":[{"count":2,"href":"https:\/\/todoapulmon-rafaela.com\/index.php\/wp-json\/wp\/v2\/posts\/62502\/revisions"}],"predecessor-version":[{"id":62505,"href":"https:\/\/todoapulmon-rafaela.com\/index.php\/wp-json\/wp\/v2\/posts\/62502\/revisions\/62505"}],"wp:featuredmedia":[{"embeddable":true,"href":"https:\/\/todoapulmon-rafaela.com\/index.php\/wp-json\/wp\/v2\/media\/62504"}],"wp:attachment":[{"href":"https:\/\/todoapulmon-rafaela.com\/index.php\/wp-json\/wp\/v2\/media?parent=62502"}],"wp:term":[{"taxonomy":"category","embeddable":true,"href":"https:\/\/todoapulmon-rafaela.com\/index.php\/wp-json\/wp\/v2\/categories?post=62502"},{"taxonomy":"post_tag","embeddable":true,"href":"https:\/\/todoapulmon-rafaela.com\/index.php\/wp-json\/wp\/v2\/tags?post=62502"}],"curies":[{"name":"wp","href":"https:\/\/api.w.org\/{rel}","templated":true}]}}