{"id":62347,"date":"2025-12-20T16:55:21","date_gmt":"2025-12-20T16:55:21","guid":{"rendered":"https:\/\/todoapulmon-rafaela.com\/?p=62347"},"modified":"2025-12-20T16:55:21","modified_gmt":"2025-12-20T16:55:21","slug":"requejo-renovamos-el-cien-por-cien-del-plantel-y-de-los-profes","status":"publish","type":"post","link":"https:\/\/todoapulmon-rafaela.com\/index.php\/2025\/12\/20\/requejo-renovamos-el-cien-por-cien-del-plantel-y-de-los-profes\/","title":{"rendered":"Requejo: \u00abrenovamos el cien por cien del plantel y de los Profes\u00bb"},"content":{"rendered":"<p>La obtenci\u00f3n del t\u00edtulo 2025 y el ascenso a la Liga Federal es una fuerte motivaci\u00f3n para el b\u00e1squet de Atl\u00e9tico de Rafaela, de cara al a\u00f1o entrante.<\/p>\n<p>Durante la ceremonia de Premiaci\u00f3n de la Asociaci\u00f3n Rafaelina de B\u00e1squetbol dialogamos con el entrenador Claudio Requejo, que nos brind\u00f3 un panorama sobre este positivo momento y las expectativas que se avecinan.<\/p>\n<p>\u00abFue un lindo a\u00f1o y es bueno el reconocimiento a todos los chicos de los clubes y de todas las edades. Seguramente cada uno har\u00e1 un cierre positivo y especialmente para los que pudieron tener un resultado\u00bb, coment\u00f3 inicialmente sobre los reconocimientos de esa jornada en el Instituto del Profesorado.<\/p>\n<p>En lo particular de la Crema, destac\u00f3 que \u00aba nosotros nos queda el campus el otro fin de semana entre Navidad y A\u00f1o Nuevo, por eso seguimos en actividad, los chicos siguen yendo al club y de a poquito hasta que no est\u00e9 conformado todo el reglamento 2026, si bien estamos haciendo algunas gestiones, pero vamos despacio en lo que tiene que ver con la Liga Federal\u00bb.<\/p>\n<p>Hasta no tener plenamente oficializado el reglamento del torneo, los pasos son cortos. \u00abSi bien estamos hablando para traer algunos pocos refuerzos, es con toda la cautela, viendo las fichas intuyendo lo que puede resolverse en funci\u00f3n del a\u00f1o pasado. Lo ya definido es que renovamos al cien por cien del plantel que estaba, tanto de profes como jugadores, que eso es para nosotros lo mas importante. Para irnos a las fiestas con todo cerrado, sabiendo ellos que ya van a estar comprometidos con el club el a\u00f1o que viene\u00bb.<\/p>\n<p>Pensando en lo que Atl\u00e9tico contar\u00e1 cuando comience el 2 de febrero los entrenamientos espec\u00edficos para la Liga Federal, el entrenador respondi\u00f3 que \u00abestamos intentando ver las opciones que puedan surgir, s\u00ed vamos a apuntar a jugadores de la zona o mas cerca posible, hasta no saber si no se abre la posibilidad de tener en el club alguna casa para traer jugadores de afuera. Pero creo que vamos a ir de a poco, al ser el primer a\u00f1o queremos hacer pie en la categor\u00eda, que nuestros chicos sientan lo que es jugar y disfrutar el torneo, e ir haciendo experiencia y luego ir planeando de acuerdo como venga todo\u00bb.<\/p>\n","protected":false},"excerpt":{"rendered":"<p>La obtenci\u00f3n del t\u00edtulo 2025 y el ascenso a la Liga Federal es una fuerte motivaci\u00f3n para el b\u00e1squet de<\/p>\n","protected":false},"author":2,"featured_media":60185,"comment_status":"closed","ping_status":"closed","sticky":false,"template":"","format":"standard","meta":{"footnotes":""},"categories":[5,24],"tags":[],"class_list":["post-62347","post","type-post","status-publish","format-standard","has-post-thumbnail","hentry","category-basquet","category-noticias-destacadas"],"cc_featured_image_caption":{"caption_text":"","source_text":"","source_url":""},"_links":{"self":[{"href":"https:\/\/todoapulmon-rafaela.com\/index.php\/wp-json\/wp\/v2\/posts\/62347"}],"collection":[{"href":"https:\/\/todoapulmon-rafaela.com\/index.php\/wp-json\/wp\/v2\/posts"}],"about":[{"href":"https:\/\/todoapulmon-rafaela.com\/index.php\/wp-json\/wp\/v2\/types\/post"}],"author":[{"embeddable":true,"href":"https:\/\/todoapulmon-rafaela.com\/index.php\/wp-json\/wp\/v2\/users\/2"}],"replies":[{"embeddable":true,"href":"https:\/\/todoapulmon-rafaela.com\/index.php\/wp-json\/wp\/v2\/comments?post=62347"}],"version-history":[{"count":1,"href":"https:\/\/todoapulmon-rafaela.com\/index.php\/wp-json\/wp\/v2\/posts\/62347\/revisions"}],"predecessor-version":[{"id":62348,"href":"https:\/\/todoapulmon-rafaela.com\/index.php\/wp-json\/wp\/v2\/posts\/62347\/revisions\/62348"}],"wp:featuredmedia":[{"embeddable":true,"href":"https:\/\/todoapulmon-rafaela.com\/index.php\/wp-json\/wp\/v2\/media\/60185"}],"wp:attachment":[{"href":"https:\/\/todoapulmon-rafaela.com\/index.php\/wp-json\/wp\/v2\/media?parent=62347"}],"wp:term":[{"taxonomy":"category","embeddable":true,"href":"https:\/\/todoapulmon-rafaela.com\/index.php\/wp-json\/wp\/v2\/categories?post=62347"},{"taxonomy":"post_tag","embeddable":true,"href":"https:\/\/todoapulmon-rafaela.com\/index.php\/wp-json\/wp\/v2\/tags?post=62347"}],"curies":[{"name":"wp","href":"https:\/\/api.w.org\/{rel}","templated":true}]}}