{"id":62286,"date":"2025-12-16T22:10:14","date_gmt":"2025-12-16T22:10:14","guid":{"rendered":"https:\/\/todoapulmon-rafaela.com\/?p=62286"},"modified":"2025-12-16T22:10:14","modified_gmt":"2025-12-16T22:10:14","slug":"rafaela-disfrutara-este-miercoles-de-una-nueva-fiesta-del-deporte","status":"publish","type":"post","link":"https:\/\/todoapulmon-rafaela.com\/index.php\/2025\/12\/16\/rafaela-disfrutara-este-miercoles-de-una-nueva-fiesta-del-deporte\/","title":{"rendered":"Rafaela disfrutar\u00e1 este mi\u00e9rcoles de una nueva Fiesta del Deporte"},"content":{"rendered":"<p>Rafaela vivir\u00e1 una nueva edici\u00f3n de la tradicional Fiesta del Deporte, que se llevar\u00e1 a cabo este mi\u00e9rcoles 17 de diciembre, a las 20:15, en el Cine Teatro Manuel Belgrano. Ser\u00e1 una noche para celebrar el esfuerzo, la dedicaci\u00f3n y el talento de los deportistas que representaron a la ciudad a lo largo del a\u00f1o. Cabe mencionar que previamente, desde las 19.15, se repetir\u00e1 la previa en la \u00abAlfombra Roja\u00bb, con entrevistas a los protagonistas que se den cita para esta celebraci\u00f3n del deporte rafaelino.<\/p>\n<p>Se conformaron 40 ternas de disciplinas, adem\u00e1s de realizarse los reconocimientos especiales a Ex Deportista Destacado, Auxiliar Deportivo, Deportista Revelaci\u00f3n, Deportista Amateur, Deportistas de Alto Rendimiento y la distinci\u00f3n m\u00e1s esperada de la noche: el Deportista del A\u00f1o.<\/p>\n<p><img loading=\"lazy\" decoding=\"async\" class=\"alignnone size-full wp-image-62299\" src=\"https:\/\/todoapulmon-rafaela.com\/wp-content\/uploads\/2025\/12\/Fiesta-alfombra.jpg\" alt=\"\" width=\"899\" height=\"1599\" srcset=\"https:\/\/todoapulmon-rafaela.com\/wp-content\/uploads\/2025\/12\/Fiesta-alfombra.jpg 899w, https:\/\/todoapulmon-rafaela.com\/wp-content\/uploads\/2025\/12\/Fiesta-alfombra-169x300.jpg 169w, https:\/\/todoapulmon-rafaela.com\/wp-content\/uploads\/2025\/12\/Fiesta-alfombra-843x1500.jpg 843w, https:\/\/todoapulmon-rafaela.com\/wp-content\/uploads\/2025\/12\/Fiesta-alfombra-864x1536.jpg 864w\" sizes=\"(max-width: 899px) 100vw, 899px\" \/><\/p>\n<p>La Fiesta del Deporte es uno de los eventos m\u00e1s emblem\u00e1ticos del calendario local porque refleja el crecimiento del deporte rafaelino y el compromiso de clubes, instituciones, entrenadores, familias y toda la comunidad que sostiene la actividad deportiva durante todo el a\u00f1o.<\/p>\n<p>La de este mi\u00e9rcoles, ser\u00e1 una noche cargada de emociones, reconocimiento y celebraci\u00f3n, donde cada categor\u00eda tendr\u00e1 su momento especial y el esfuerzo de cientos de deportistas ser\u00e1 puesto en valor.<\/p>\n<p>La entrada para presenciar el evento ser\u00e1 libre y gratuita. El Gobierno municipal invita a toda la ciudad a acompa\u00f1ar y alentar a quienes representan con orgullo a Rafaela.<\/p>\n<p>Cabe acotar que ya fueron elegidos como Auxiliares Deportivos destacados Gustavo Alfaro \u2013 Sergio Chiarelli, por la clasificaci\u00f3n con Paraguay al Mundial del a\u00f1o pr\u00f3ximo, y como ex Deportista Destacado el ex piloto Abelardo Zenklusen.<\/p>\n<p><strong>DEPORTISTAS DESTACADOS<\/strong><\/p>\n<p>Fisicoculturismo Julia Uriarte<br \/>\nFisicoculturismo Rocio Bonetti<br \/>\nFisicoculturismo Diego Fontanetto<br \/>\nFisicoculturismo Erick Arnold<\/p>\n<p>Pelota Paleta Santiago Bisang<br \/>\nPelota Paleta Facundo Laurenti<br \/>\nPelota Paleta Luciano Baronetti<br \/>\nPelota Paleta Ignacio Azzaroni<\/p>\n<p>Tenis Thiago Torasso<br \/>\nTenis Joaqu\u00edn Escobar<br \/>\nTenis Agostina Villarreal<br \/>\nTenis Tom\u00e1s Theler<\/p>\n<p>Padel Fabricio Garc\u00eda<br \/>\nPadel Gino Pavetti<br \/>\nPadel Micael Chiappini<br \/>\nPadel Joaqu\u00edn Barbero<\/p>\n<p>Hockey Macarena Fumilla<br \/>\nHockey Guillermina Astudillo<br \/>\nHockey Maitena Zanabria<br \/>\nHockey Franco G\u00f3mez<\/p>\n<p>Boxeo Luka Colman<br \/>\nBoxeo Dana Astudillo<br \/>\nBoxeo Leonardo Molina<\/p>\n<p>Taekwondo Nahuel Boidi<br \/>\nTaekwondo Bruno Moyano<br \/>\nTaekwondo Emilia Pascal<br \/>\nTaekwondo Valentina Boidi<br \/>\nTaekwondo Maximiliano Fontana<\/p>\n<p>Karate Axel Navarro<br \/>\nKarate Genaro Viotti<br \/>\nKarate Dominic Avalos<\/p>\n<p>Atletismo Santiago Daperno<br \/>\nAtletismo Leonela Lopez<br \/>\nAtletismo Valentina Okon<br \/>\nAtletismo Antonella Toledo<\/p>\n<p>Pedetrismo Florencia Berm\u00fadez<br \/>\nPedetrismo German Fernadez<br \/>\nPedetrismo Gisela Cattaneo<br \/>\nPedetrismo Romano Maza<\/p>\n<p>Triatl\u00f3n Virginia Milanesio<br \/>\nTriatl\u00f3n Catalina Ingaramo<br \/>\nTriatl\u00f3n Susana Hauswirth<br \/>\nTriatl\u00f3n Marcos Peretti<\/p>\n<p>Wushu Violeta Mattio<br \/>\nWushu Larissa Amherd<br \/>\nWushu Andres Bogovich<\/p>\n<p>F\u00fatbol David Ramirez<br \/>\nF\u00fatbol Sebasti\u00e1n Acu\u00f1a<br \/>\nF\u00fatbol Jorge Galizzi<br \/>\nF\u00fatbol Enzo Wuattier<br \/>\nF\u00fatbol Marianela Gauna<\/p>\n<p>Nataci\u00f3n Pablo Scozzina<br \/>\nNataci\u00f3n Paulina Sotelo<br \/>\nNataci\u00f3n Gabriela Mezzo<br \/>\nNataci\u00f3n Catalina Audero<\/p>\n<p>MMA Gast\u00f3n Dominguez<br \/>\nMMA Juan Cruz Ramallo<br \/>\nMMA Leandro Aguirre<\/p>\n<p>Pat\u00edn Sol Iba\u00f1ez<br \/>\nPat\u00edn Bautista Blanco<br \/>\nPat\u00edn Agostina Peralta<br \/>\nPat\u00edn Tamara Far\u00edas<br \/>\nPat\u00edn Luc\u00eda Ferrarese<\/p>\n<p>Gimnasia Artist\u00edca Araceli Burgos<br \/>\nGimnasia Artist\u00edca Celina Moreno<br \/>\nGimnasia Artist\u00edca Josefina Peirotti<br \/>\nGimnasia Artist\u00edca Anita Vega<\/p>\n<p>Rugby Valentino Appo<br \/>\nRugby Manuel Mandrile<br \/>\nRugby Federico Narv\u00e1ez<\/p>\n<p>Ciclismo Luciano Ambort<br \/>\nCiclismo Julia Lambert<br \/>\nCiclismo Federico Dalmasso<br \/>\nCiclismo Luciano Capella<br \/>\nCiclismo Germ\u00e1n Chiaraviglio<\/p>\n<p>Rural Bike Marina Rossi<br \/>\nRural Bike Cristian Inwinkelried<br \/>\nRural Bike C\u00e9sar Peralta<br \/>\nRural Bike Sonia Ulrich<\/p>\n<p>Mountain Bike Juan Manuel Roggero<br \/>\nMountain Bike Santino Dominino<br \/>\nMountain Bike Melani Durando<br \/>\nMountain Bike Luisina Simondi<\/p>\n<p>Automovilismo Zonal Nicol\u00e1s Gonz\u00e1lez<br \/>\nAutomovilismo Zonal Agust\u00edn Werlen<br \/>\nAutomovilismo Zonal Thiago Kunz<br \/>\nAutomovilismo Zonal Juan Manuel Rogiani<\/p>\n<p>Automavilismo Nacional Juan Ignacio Canela<br \/>\nAutomavilismo Nacional Cristian Vaira<br \/>\nAutomavilismo Nacional Fabi\u00e1n Mainero<br \/>\nAutomavilismo Nacional Ricardo Saracco<\/p>\n<p>Motociclismo Agust\u00edn Donatti<br \/>\nMotociclismo Alejo Caglieris<br \/>\nMotociclismo Emanuel Zamora<\/p>\n<p>Jiu-Jitsu Lionel Giovani L\u00f3pez<br \/>\nJiu-Jitsu Jonatan Ojeda<br \/>\nJiu-Jitsu Gino Agrano<\/p>\n<p>Ajedrez Gonzalo Hilgert<br \/>\nAjedrez Gaspar Rubino<br \/>\nAjedrez Siro Lorenzo L\u00f3pez<br \/>\nAjedrez Joaqu\u00edn Viotto Bedini<\/p>\n<p>Billar Pablo Pagani<br \/>\nBochas Dylan Campo<br \/>\nBochas Tiago Jimenez<br \/>\nBochas Mat\u00edas Rodriguez<br \/>\nBochas Elisabet Cornero<\/p>\n<p>Golf Alejandro Riachi<br \/>\nGolf Juana Bochetto<br \/>\nGolf Lola Llodr\u00e1<\/p>\n<p>Saltos H\u00edpicos Anabella Curiotti<br \/>\nSaltos H\u00edpicos Emilia Gagliano<br \/>\nSaltos H\u00edpicos Bautista B\u00e9rtola<\/p>\n<p>Tiro con Arco Mauro Carelli<br \/>\nTiro con Arco Mateo Llodr\u00e1<br \/>\nTiro con Arco Jesica Gonzalez<\/p>\n<p>Tiro Pr\u00e1ctico Claudio Romitelli<br \/>\nTiro Pr\u00e1ctico Diego Pogliani<br \/>\nTiro Pr\u00e1ctico Benjam\u00edn Pignolo<\/p>\n<p>Voley Joaqu\u00edn Burkett<\/p>\n<p>Voley Felipe Pogonza<br \/>\nVoley Sof\u00eda Schilling<br \/>\nVoley Isabella Gentili<\/p>\n<p>Aeromodelismo Mario Palmieri<br \/>\nAeromodelismo Leonardo Baruchelli<br \/>\nAeromodelismo Enrique Levrino<br \/>\nAeromodelismo Facundo Manero<\/p>\n<p>Vuela a Vela Marcos Mero\u00f1o<br \/>\nVuela a Vela Marcos Mitri<br \/>\nVuela a Vela Mauro Jusco<\/p>\n<p>Intercolegiales Gino Gramaglia<br \/>\nIntercolegiales Milagros Kuriger Calvo<br \/>\nIntercolegiales Josefina Gutierrez<br \/>\nIntercolegiales Francisco Fregona<\/p>\n<p>Basquet Mar\u00eda Angelina Marchi<br \/>\nBasquet Juana Balari<br \/>\nBasquet Benjam\u00edn Taborda<br \/>\nBasquet Tadeo Mire<\/p>\n<p>Handball Ignacio \u00c1vila<br \/>\nHandball Lorenzo Merlino<br \/>\nHandball M\u00e1ximo Celiz<\/p>\n<p>Automodelismo Elisa Ferpozzi<br \/>\nAutomodelismo Pedro Schinner<br \/>\nAutomodelismo Lourdes Ferpozzi<br \/>\nAutomodelismo Dante Urdiales<\/p>\n<p><strong>ALTO RENDIMIENTO<\/strong><\/p>\n<p>N\u00b0 NOMBRE DEL DEPORTISTA DEPORTE<br \/>\n1 Mart\u00edn Bertolaccini Automovilismo Nacional<br \/>\n2 Tom\u00e1s Mondino Atletismo<br \/>\n3 Sof\u00eda Fregona Atletismo<br \/>\n4 Melisa Gretter Basquet<br \/>\n5 Delfina Gentinetta Basquet<br \/>\n6 Candela Gentinetta Basquet<br \/>\n8 Lucas Peretti Ciclismo<br \/>\n9 Natalia Vera Ciclismo<br \/>\n10 Omar D\u00edaz Boxeo<br \/>\n11 Iv\u00e1n D\u00edaz Boxeo<br \/>\n12 Nicolas Blanco Boxeo<br \/>\n13 Mat\u00edas Tagliamonte F\u00fatbol<br \/>\n14 Gast\u00f3n Bouhier F\u00fatbol<br \/>\n15 Facundo Colidio F\u00fatbol<br \/>\n16 Facundo Lencioni F\u00fatbol<br \/>\n17 Tom\u00e1s Pochettino F\u00fatbol<br \/>\n18 Alex Luna F\u00fatbol<br \/>\n19 Emilia Acosta Gimnasia Art\u00edstica<br \/>\n20 Luc\u00eda Gonzalez Gimnasia Art\u00edstica<br \/>\n21 Pedro Rubiolo Rugby<br \/>\n22 Mayco Vivas Rugby<br \/>\n23 Victor Rico Saltos H\u00edpicos<br \/>\n24 Abril Beltramino Hockey<br \/>\n25 Germ\u00e1n Romitelli Tiro Pr\u00e1ctico<br \/>\n26 Franco Comelatto Taekwondo<br \/>\n27 Santino Valler Taekwondo.<\/p>\n","protected":false},"excerpt":{"rendered":"<p>Rafaela vivir\u00e1 una nueva edici\u00f3n de la tradicional Fiesta del Deporte, que se llevar\u00e1 a cabo este mi\u00e9rcoles 17 de<\/p>\n","protected":false},"author":2,"featured_media":62288,"comment_status":"closed","ping_status":"closed","sticky":false,"template":"","format":"standard","meta":{"footnotes":""},"categories":[24],"tags":[],"class_list":["post-62286","post","type-post","status-publish","format-standard","has-post-thumbnail","hentry","category-noticias-destacadas"],"cc_featured_image_caption":{"caption_text":"Archivo prensa Municipalidad ","source_text":"","source_url":""},"_links":{"self":[{"href":"https:\/\/todoapulmon-rafaela.com\/index.php\/wp-json\/wp\/v2\/posts\/62286"}],"collection":[{"href":"https:\/\/todoapulmon-rafaela.com\/index.php\/wp-json\/wp\/v2\/posts"}],"about":[{"href":"https:\/\/todoapulmon-rafaela.com\/index.php\/wp-json\/wp\/v2\/types\/post"}],"author":[{"embeddable":true,"href":"https:\/\/todoapulmon-rafaela.com\/index.php\/wp-json\/wp\/v2\/users\/2"}],"replies":[{"embeddable":true,"href":"https:\/\/todoapulmon-rafaela.com\/index.php\/wp-json\/wp\/v2\/comments?post=62286"}],"version-history":[{"count":2,"href":"https:\/\/todoapulmon-rafaela.com\/index.php\/wp-json\/wp\/v2\/posts\/62286\/revisions"}],"predecessor-version":[{"id":62300,"href":"https:\/\/todoapulmon-rafaela.com\/index.php\/wp-json\/wp\/v2\/posts\/62286\/revisions\/62300"}],"wp:featuredmedia":[{"embeddable":true,"href":"https:\/\/todoapulmon-rafaela.com\/index.php\/wp-json\/wp\/v2\/media\/62288"}],"wp:attachment":[{"href":"https:\/\/todoapulmon-rafaela.com\/index.php\/wp-json\/wp\/v2\/media?parent=62286"}],"wp:term":[{"taxonomy":"category","embeddable":true,"href":"https:\/\/todoapulmon-rafaela.com\/index.php\/wp-json\/wp\/v2\/categories?post=62286"},{"taxonomy":"post_tag","embeddable":true,"href":"https:\/\/todoapulmon-rafaela.com\/index.php\/wp-json\/wp\/v2\/tags?post=62286"}],"curies":[{"name":"wp","href":"https:\/\/api.w.org\/{rel}","templated":true}]}}