{"id":622,"date":"2016-05-01T12:58:57","date_gmt":"2016-05-01T12:58:57","guid":{"rendered":"http:\/\/todoapulmon-rafaela.com\/?p=622"},"modified":"2016-05-01T12:58:57","modified_gmt":"2016-05-01T12:58:57","slug":"el-patin-de-almagro-compite-en-canals","status":"publish","type":"post","link":"https:\/\/todoapulmon-rafaela.com\/index.php\/2016\/05\/01\/el-patin-de-almagro-compite-en-canals\/","title":{"rendered":"El patin de Almagro compite en Canals"},"content":{"rendered":"<p>El patin del Club Almagro de Rafaela comenz\u00f3 este fin de semana a competir en la temporada 2016 del Centro Federal de Patin. Lo hace en el marco del certamen que tiene desarrollo en la ciudad de Canals, provincia de C\u00f3rdoba, en las categor\u00edas libre y escuela, con una delegaci\u00f3n de 17 patinadoras.<br \/>\nLa entidad rafaelina est\u00e1 representando, junto al Club Libertad de Villa Trinidad, a la Asociaci\u00f3n de patin Zona Centro.<br \/>\nLos resultados de la jornada del d\u00eda s\u00e1bado son los siguientes:<br \/>\nPrimer puesto: Guillermina Macagno categor\u00eda Cuarta \u00abC\u00bb Damas 14 a\u00f1os.<br \/>\nPrimer puesto: Ana Herrera, Principiante Damas 9 a\u00f1os.<br \/>\nSegundo puesto: Valentina Bork, Quinta \u00abC\u00bb Damas 10 a\u00f1os.<br \/>\nSegundo puesto: Paloma Soltermann, Promocional \u00abB\u00bb Damas Juvenil.<br \/>\nTercer puesto: Martina Morra, Escuela Formativa Damas 8 a\u00f1os.<br \/>\nCuarto puesto: Agostina Peralta Principiante Damas 9 a\u00f1os.<br \/>\nCuarto puesto: Sof\u00eda Brarda Cuarta \u00abC\u00bb Damas 12 a\u00f1os.<\/p>\n","protected":false},"excerpt":{"rendered":"<p>El patin del Club Almagro de Rafaela comenz\u00f3 este fin de semana a competir en la temporada 2016 del Centro<\/p>\n","protected":false},"author":2,"featured_media":623,"comment_status":"open","ping_status":"open","sticky":false,"template":"","format":"standard","meta":{"footnotes":""},"categories":[1],"tags":[],"class_list":["post-622","post","type-post","status-publish","format-standard","has-post-thumbnail","hentry","category-sin-categoria"],"cc_featured_image_caption":{"caption_text":"El grupo de Almagro en Canals.","source_text":"","source_url":""},"_links":{"self":[{"href":"https:\/\/todoapulmon-rafaela.com\/index.php\/wp-json\/wp\/v2\/posts\/622"}],"collection":[{"href":"https:\/\/todoapulmon-rafaela.com\/index.php\/wp-json\/wp\/v2\/posts"}],"about":[{"href":"https:\/\/todoapulmon-rafaela.com\/index.php\/wp-json\/wp\/v2\/types\/post"}],"author":[{"embeddable":true,"href":"https:\/\/todoapulmon-rafaela.com\/index.php\/wp-json\/wp\/v2\/users\/2"}],"replies":[{"embeddable":true,"href":"https:\/\/todoapulmon-rafaela.com\/index.php\/wp-json\/wp\/v2\/comments?post=622"}],"version-history":[{"count":1,"href":"https:\/\/todoapulmon-rafaela.com\/index.php\/wp-json\/wp\/v2\/posts\/622\/revisions"}],"predecessor-version":[{"id":624,"href":"https:\/\/todoapulmon-rafaela.com\/index.php\/wp-json\/wp\/v2\/posts\/622\/revisions\/624"}],"wp:featuredmedia":[{"embeddable":true,"href":"https:\/\/todoapulmon-rafaela.com\/index.php\/wp-json\/wp\/v2\/media\/623"}],"wp:attachment":[{"href":"https:\/\/todoapulmon-rafaela.com\/index.php\/wp-json\/wp\/v2\/media?parent=622"}],"wp:term":[{"taxonomy":"category","embeddable":true,"href":"https:\/\/todoapulmon-rafaela.com\/index.php\/wp-json\/wp\/v2\/categories?post=622"},{"taxonomy":"post_tag","embeddable":true,"href":"https:\/\/todoapulmon-rafaela.com\/index.php\/wp-json\/wp\/v2\/tags?post=622"}],"curies":[{"name":"wp","href":"https:\/\/api.w.org\/{rel}","templated":true}]}}