{"id":62150,"date":"2025-12-11T13:54:38","date_gmt":"2025-12-11T13:54:38","guid":{"rendered":"https:\/\/todoapulmon-rafaela.com\/?p=62150"},"modified":"2025-12-11T14:05:27","modified_gmt":"2025-12-11T14:05:27","slug":"juan-pablo-vincenti-de-kinacqua-en-la-santa-fe-coronda-para-aficionados","status":"publish","type":"post","link":"https:\/\/todoapulmon-rafaela.com\/index.php\/2025\/12\/11\/juan-pablo-vincenti-de-kinacqua-en-la-santa-fe-coronda-para-aficionados\/","title":{"rendered":"Juan Pablo Vincenti, de Kinacqua, en la Santa Fe &#8211; Coronda para aficionados"},"content":{"rendered":"<p>El s\u00e1bado 6 de diciembre se realiz\u00f3 la segunda Ventana de la Marat\u00f3n Santa Fe &#8211; Coronda para aficionados y un nadador del natatorio Kinacqua de Rafaela tuvo la enorme satisfacci\u00f3n de ser parte, dentro de la prueba por equipos, de completar su recorrido de 58 kil\u00f3metros.<\/p>\n<p>Juan Pablo Vincenti, conformando el team \u00abLa Posta Variada\u00bb, concret\u00f3 el gran desaf\u00edo que present\u00f3 la tradicional competencia de aguas abiertas a partir de este a\u00f1o y que gener\u00f3 una gran expectativa, sumando a aficionados de gran parte del pa\u00eds y varios del exterior.<\/p>\n<p>Vincenti integr\u00f3 el equipo junto a nadadores de otras localidades:\u00a0Mariano Maina (Brinkmann), Rodrigo Migliossi (Armstrong) y Camila Cesana (Brinkmann).<\/p>\n<p><img loading=\"lazy\" decoding=\"async\" class=\"alignnone size-full wp-image-62152\" src=\"https:\/\/todoapulmon-rafaela.com\/wp-content\/uploads\/2025\/12\/Vincenti-1.jpg\" alt=\"\" width=\"1200\" height=\"1600\" srcset=\"https:\/\/todoapulmon-rafaela.com\/wp-content\/uploads\/2025\/12\/Vincenti-1.jpg 1200w, https:\/\/todoapulmon-rafaela.com\/wp-content\/uploads\/2025\/12\/Vincenti-1-225x300.jpg 225w, https:\/\/todoapulmon-rafaela.com\/wp-content\/uploads\/2025\/12\/Vincenti-1-1125x1500.jpg 1125w, https:\/\/todoapulmon-rafaela.com\/wp-content\/uploads\/2025\/12\/Vincenti-1-1152x1536.jpg 1152w\" sizes=\"(max-width: 1200px) 100vw, 1200px\" \/><\/p>\n<p>De esta manera, Kinacqua dijo presente en uno de los eventos de la nataci\u00f3n, en este caso de aguas abiertas, m\u00e1s importantes del pa\u00eds de este a\u00f1o.<\/p>\n<p>Un dato sobresaliente volvi\u00f3 a repetirse: los 96 nadadores (16 individuales y los 20 equipos de cuatro integrantes) llegaron dentro del tiempo m\u00e1ximo de 10 horas, tal como sucedi\u00f3 en la primera ventana. Un logro que reafirma el esp\u00edritu de superaci\u00f3n que define a esta edici\u00f3n.<\/p>\n","protected":false},"excerpt":{"rendered":"<p>El s\u00e1bado 6 de diciembre se realiz\u00f3 la segunda Ventana de la Marat\u00f3n Santa Fe &#8211; Coronda para aficionados y<\/p>\n","protected":false},"author":2,"featured_media":62155,"comment_status":"closed","ping_status":"closed","sticky":false,"template":"","format":"standard","meta":{"footnotes":""},"categories":[26,24],"tags":[],"class_list":["post-62150","post","type-post","status-publish","format-standard","has-post-thumbnail","hentry","category-natacion","category-noticias-destacadas"],"cc_featured_image_caption":{"caption_text":"","source_text":"","source_url":""},"_links":{"self":[{"href":"https:\/\/todoapulmon-rafaela.com\/index.php\/wp-json\/wp\/v2\/posts\/62150"}],"collection":[{"href":"https:\/\/todoapulmon-rafaela.com\/index.php\/wp-json\/wp\/v2\/posts"}],"about":[{"href":"https:\/\/todoapulmon-rafaela.com\/index.php\/wp-json\/wp\/v2\/types\/post"}],"author":[{"embeddable":true,"href":"https:\/\/todoapulmon-rafaela.com\/index.php\/wp-json\/wp\/v2\/users\/2"}],"replies":[{"embeddable":true,"href":"https:\/\/todoapulmon-rafaela.com\/index.php\/wp-json\/wp\/v2\/comments?post=62150"}],"version-history":[{"count":1,"href":"https:\/\/todoapulmon-rafaela.com\/index.php\/wp-json\/wp\/v2\/posts\/62150\/revisions"}],"predecessor-version":[{"id":62153,"href":"https:\/\/todoapulmon-rafaela.com\/index.php\/wp-json\/wp\/v2\/posts\/62150\/revisions\/62153"}],"wp:featuredmedia":[{"embeddable":true,"href":"https:\/\/todoapulmon-rafaela.com\/index.php\/wp-json\/wp\/v2\/media\/62155"}],"wp:attachment":[{"href":"https:\/\/todoapulmon-rafaela.com\/index.php\/wp-json\/wp\/v2\/media?parent=62150"}],"wp:term":[{"taxonomy":"category","embeddable":true,"href":"https:\/\/todoapulmon-rafaela.com\/index.php\/wp-json\/wp\/v2\/categories?post=62150"},{"taxonomy":"post_tag","embeddable":true,"href":"https:\/\/todoapulmon-rafaela.com\/index.php\/wp-json\/wp\/v2\/tags?post=62150"}],"curies":[{"name":"wp","href":"https:\/\/api.w.org\/{rel}","templated":true}]}}