{"id":62056,"date":"2025-12-08T13:22:41","date_gmt":"2025-12-08T13:22:41","guid":{"rendered":"https:\/\/todoapulmon-rafaela.com\/?p=62056"},"modified":"2025-12-08T13:22:41","modified_gmt":"2025-12-08T13:22:41","slug":"podios-en-la-copa-santa-fe-de-atletismo","status":"publish","type":"post","link":"https:\/\/todoapulmon-rafaela.com\/index.php\/2025\/12\/08\/podios-en-la-copa-santa-fe-de-atletismo\/","title":{"rendered":"Podios en la Copa Santa Fe de atletismo"},"content":{"rendered":"<p>La tercera y \u00faltima fecha de la Copa Santa Fe tuvo lugar el s\u00e1bado en el estadio \u201cJorge Newbery\u201d de Rosario, donde el atletismo provincial volvi\u00f3 a mostrar su jerarqu\u00eda con pruebas de alto nivel y campeones que ratificaron su dominio a lo largo del certamen.<\/p>\n<p>La competencia fue impulsada por el gobierno de la provincia de Santa Fe y se enmarca en la preparaci\u00f3n rumbo a los XIII Juegos Suramericanos Santa Fe 2026, organizados por la Organizaci\u00f3n Deportiva Suramericana (Odesur).<\/p>\n<p>Sobre los representantes locales, cabe mencionar el segundo puesto de Benjam\u00edn Castillo Molina en los 800 metros. El atleta entrenado en AEFC por Ariel Magallanes y Roc\u00edo Donnet tuvo marca de 2m 02s 28 cent\u00e9simas.<\/p>\n<p>Tambi\u00e9n obtuvo medalla plateada Valent\u00edn Menossi, de CRAS, en lanzamiento de martillo, con 53m 24.<\/p>\n<p>En tanto, Santiago Daperno fue tercero en los 100 metros llanos. El velocista de CRAS entrenado por Leandro Bonamino cronometr\u00f3 11s 29.<\/p>\n<p><strong>DATOS GENERALES DEL TORNEO<\/strong><\/p>\n<p>Uno de los hechos m\u00e1s destacados fue la consagraci\u00f3n invicta de los especialistas en Salto en Largo: Brian L\u00f3pez (VYR) y Leila Garetto (CAUSF).<\/p>\n<p>Ambos ganaron las tres fechas del torneo y cerraron su campa\u00f1a con triunfos contundentes. L\u00f3pez, oriundo de Humboldt y entrenado por Ariel Magallanes, volvi\u00f3 a imponerse entre los varones con 6.74 metros, mientras que Garetto domin\u00f3 la prueba femenina con 5.40 metros, reafirmando su supremac\u00eda en la disciplina.<\/p>\n<p>Tras la sumatoria de puntajes, la Copa Santa Fe qued\u00f3 en manos de la Asociaci\u00f3n Rosarina de Atletismo (ARDA), con 851 unidades, que celebr\u00f3 el t\u00edtulo en su propia casa y coron\u00f3 una temporada s\u00f3lida en todas las categor\u00edas.<\/p>\n<p>Sus escoltas fueron la Asociaci\u00f3n Santafecina de Atletismo (ASA) con 763 y la Asociaci\u00f3n Noroeste Santafecina de Atletismo (ANSA) con 190 puntos.<\/p>\n<p>La tarde tambi\u00e9n dej\u00f3 una amplia variedad de triunfos masculinos: Juan Pablo Sale (ACJPC) \u2013 16.68m en Bala; Alejo Pafundi (SONDER) \u2013 10.80 en 100 metros; Lautaro Ocampo (VYR) \u2013 2:02.05 en 800 metros; Mauro Andrada (CGR) \u2013 1.68m en Salto en Alto; Emanuel Giambruni (CAS) \u2013 57.96m en Martillo; Ignacio Fontana (VYR) \u2013 57.96m en Jabalina; Ayrton Franco (CPYC) \u2013 4.30m en Garrocha; Andr\u00e9s Mendoza (VYR) \u2013 56.88 en 400m con vallas; Oscar Figueredo Vera (NA) \u2013 21.71 en 200 metros; Francisco Santinelli (SONDER) \u2013 50.40 en 400 metros planos; y Jos\u00e9 Zabala (VYR) \u2013 19:48 en 6 km de Cross Country.<\/p>\n<p>Entre las damas tambi\u00e9n se vivi\u00f3 un cierre vibrante con m\u00faltiples actuaciones sobresalientes: Malena Gobbo (SONDER) \u2013 12.34 en 100m y 25.42 en 200m; Victoria Olives (ATERU) \u2013 4:50.45 en 1500 metros; Milagros Lamagni (VYR) \u2013 1.58m en Salto en Alto; Carolina Paiva (SONDER) \u2013 40.83m en Jabalina; Camila Mussio (VYR) \u2013 3.00m en Garrocha; Mar\u00eda Luciana Ferreyra (VYR) \u2013 1:08.00 en 400m con vallas; Elisa Mu\u00f1oz Negri (ACCSJ) \u2013 1:01.46 en 400 metros; Martina Pizzarro (NA) en Bala; y Jennifer Custidiano (CPR) \u2013 23:59 en 6 km de Cross Country.<\/p>\n<p>Adem\u00e1s, se entregaron los premios a los ganadores de los Grand Prix de la Federaci\u00f3n Santafecina de Atletismo, cuyo podio qued\u00f3 conformado por la Asociaci\u00f3n Noroeste Santafecina de Atletismo con 2041 unidades, la Asociaci\u00f3n Santafecina de Atletismo con 863 y la Asociaci\u00f3n Rosarina de Atletismo con 846 puntos.<\/p>\n<p>Con informaci\u00f3n de la CADA.<\/p>\n","protected":false},"excerpt":{"rendered":"<p>La tercera y \u00faltima fecha de la Copa Santa Fe tuvo lugar el s\u00e1bado en el estadio \u201cJorge Newbery\u201d de<\/p>\n","protected":false},"author":2,"featured_media":62084,"comment_status":"closed","ping_status":"closed","sticky":false,"template":"","format":"standard","meta":{"footnotes":""},"categories":[7,24],"tags":[],"class_list":["post-62056","post","type-post","status-publish","format-standard","has-post-thumbnail","hentry","category-atletismo","category-noticias-destacadas"],"cc_featured_image_caption":{"caption_text":"Santiago Daperno, tercero en 100 metros.","source_text":"","source_url":""},"_links":{"self":[{"href":"https:\/\/todoapulmon-rafaela.com\/index.php\/wp-json\/wp\/v2\/posts\/62056"}],"collection":[{"href":"https:\/\/todoapulmon-rafaela.com\/index.php\/wp-json\/wp\/v2\/posts"}],"about":[{"href":"https:\/\/todoapulmon-rafaela.com\/index.php\/wp-json\/wp\/v2\/types\/post"}],"author":[{"embeddable":true,"href":"https:\/\/todoapulmon-rafaela.com\/index.php\/wp-json\/wp\/v2\/users\/2"}],"replies":[{"embeddable":true,"href":"https:\/\/todoapulmon-rafaela.com\/index.php\/wp-json\/wp\/v2\/comments?post=62056"}],"version-history":[{"count":2,"href":"https:\/\/todoapulmon-rafaela.com\/index.php\/wp-json\/wp\/v2\/posts\/62056\/revisions"}],"predecessor-version":[{"id":62085,"href":"https:\/\/todoapulmon-rafaela.com\/index.php\/wp-json\/wp\/v2\/posts\/62056\/revisions\/62085"}],"wp:featuredmedia":[{"embeddable":true,"href":"https:\/\/todoapulmon-rafaela.com\/index.php\/wp-json\/wp\/v2\/media\/62084"}],"wp:attachment":[{"href":"https:\/\/todoapulmon-rafaela.com\/index.php\/wp-json\/wp\/v2\/media?parent=62056"}],"wp:term":[{"taxonomy":"category","embeddable":true,"href":"https:\/\/todoapulmon-rafaela.com\/index.php\/wp-json\/wp\/v2\/categories?post=62056"},{"taxonomy":"post_tag","embeddable":true,"href":"https:\/\/todoapulmon-rafaela.com\/index.php\/wp-json\/wp\/v2\/tags?post=62056"}],"curies":[{"name":"wp","href":"https:\/\/api.w.org\/{rel}","templated":true}]}}