{"id":61931,"date":"2025-12-01T11:22:24","date_gmt":"2025-12-01T11:22:24","guid":{"rendered":"https:\/\/todoapulmon-rafaela.com\/?p=61931"},"modified":"2025-12-01T11:22:24","modified_gmt":"2025-12-01T11:22:24","slug":"paso-una-nueva-doble-san-francisco-miramar-con-presencias-rafaelinas","status":"publish","type":"post","link":"https:\/\/todoapulmon-rafaela.com\/index.php\/2025\/12\/01\/paso-una-nueva-doble-san-francisco-miramar-con-presencias-rafaelinas\/","title":{"rendered":"Pas\u00f3 una nueva Doble San Francisco &#8211; Miramar con presencias rafaelinas"},"content":{"rendered":"<p>Este fin de semana se desarroll\u00f3 la tradicional <strong>Doble San Francisco\u2013Miramar, que celebr\u00f3 su 56\u00aa edici\u00f3n en hombres y la 3\u00aa edici\u00f3n en damas<\/strong>, reuniendo a equipos de todo el pa\u00eds.<\/p>\n<p>En la categor\u00eda masculina, la victoria qued\u00f3 en manos de\u00a0<strong>Agust\u00edn Fraysse, del equipo Aspen Bici,\u00a0<\/strong>quien se adue\u00f1\u00f3 del final tras un trabajo s\u00f3lido y muy bien ejecutado junto a su formaci\u00f3n. El doblete del equipo lleg\u00f3 con el segundo puesto de<strong>\u00a0Franco Buchanan<\/strong>, tambi\u00e9n de Aspen Bici, mientras que el tercer lugar fue para\u00a0<strong>Mat\u00edas Cedeira<\/strong>, completando as\u00ed un podio \u00edntegramente dominado por la estructura.<\/p>\n<p><strong>De nuestra ciudad, Gabriel Durando (Durando Team) se ubic\u00f3 en el puesto 24 a 2.30 minutos del ganador; Jos\u00e9 Leandri (Gud Cycle 3 Cumbres) finaliz\u00f3 31 a 5.58 minutos, su compa\u00f1ero Mat\u00edas Pernuzzi qued\u00f3 clasificado 41 y Nahuel Ib\u00e1\u00f1ez (Durando Team) 52.<\/strong><\/p>\n<p><img loading=\"lazy\" decoding=\"async\" class=\"alignnone size-full wp-image-61933\" src=\"https:\/\/todoapulmon-rafaela.com\/wp-content\/uploads\/2025\/12\/Durando-SF-Miramar.jpg\" alt=\"\" width=\"2048\" height=\"1362\" srcset=\"https:\/\/todoapulmon-rafaela.com\/wp-content\/uploads\/2025\/12\/Durando-SF-Miramar.jpg 2048w, https:\/\/todoapulmon-rafaela.com\/wp-content\/uploads\/2025\/12\/Durando-SF-Miramar-300x200.jpg 300w, https:\/\/todoapulmon-rafaela.com\/wp-content\/uploads\/2025\/12\/Durando-SF-Miramar-1536x1022.jpg 1536w\" sizes=\"(max-width: 2048px) 100vw, 2048px\" \/><\/p>\n<p>En damas, la victoria qued\u00f3 en manos d<strong>e Maribel Aguirre, del Bragado Cicles Club<\/strong>, quien se mostr\u00f3 firme desde el inicio. El segundo puesto fue para\u00a0<strong>Agustina Fern\u00e1ndez, de Ocean Bike<\/strong>, mientras que el tercer lugar lo ocup\u00f3 la sanfrancisque\u00f1a\u00a0<strong>Jennifer Francone, tambi\u00e9n representante del Bragado Cicles Club,\u00a0<\/strong>celebrando un podio que reflej\u00f3 el crecimiento de la categor\u00eda femenina en la regi\u00f3n.<\/p>\n<p>Tambi\u00e9n hubo una clasificaci\u00f3n para las categor\u00edas Master. En ese sentido, en Master B qued\u00f3 octavo Nicol\u00e1s G\u00f3mez y en Master C tambi\u00e9n octavo Ismael Isa.<\/p>\n<p>Los diez primeros de la clasificaci\u00f3n general masculina quedaron as\u00ed:<\/p>\n<ol>\n<li>Agust\u00edn Fraysse \u2013 Aspen Bici<\/li>\n<li>Franco Buchanan \u2013 Aspen Bici<\/li>\n<li>Mat\u00edas Cedeira \u2013 Aspen Bici<\/li>\n<li>Joaqu\u00edn Garc\u00eda \u2013 Mirasal<\/li>\n<li>Bruno Fern\u00e1ndez \u2013 CC San Francisco<\/li>\n<li>Agust\u00edn Dur\u00e1n \u2013 Mirasal<\/li>\n<li>Joaqu\u00edn Galv\u00e1n \u2013 CC San Francisco<\/li>\n<li>Luciano Pereyra \u2013 Gremio Ciclista<\/li>\n<li>Lautaro L\u00f3pez \u2013 Mirasal.<\/li>\n<li>Mart\u00edn Rivas &#8211; Porte\u00f1a.<\/li>\n<li><strong>La Clasificaci\u00f3n Femenina<\/strong>\n<ol>\n<li>Maribel Aguirre \u2013 Bragado Cicles Club \u2013 6:36:01<\/li>\n<li>Agustina Fern\u00e1ndez \u2013 Ocean Bike \u2013 a 14s<\/li>\n<li>Jennifer Francone \u2013 Bragado Cicles Club \u2013 a 16s<\/li>\n<li>Agostina Fagnani \u2013 GF Cycling Team \u2013 a 16s<\/li>\n<li>Sof\u00eda Martelli \u2013 Elite \u2013 a 3m 08s<\/li>\n<li>Costanza Pezzotti \u2013 GF Cycling Team \u2013 a 11m 48s<\/li>\n<li>Caterina Previley \u2013 Elite \u2013 a 11m 48s<\/li>\n<li>Eliana Villalba \u2013 Bragado Cicles Club \u2013 a 11m 48s<\/li>\n<li>Daiana Almada \u2013 Bragado Cicles Club \u2013 a 12m 18s<\/li>\n<li>Cristina Greve \u2013 Bragado Cicles Club \u2013 a 13m 19sMart\u00edn Rivas &#8211; Porte\u00f1a.&nbsp;<br \/>\n<h4><strong>Top 10 \u2013 Master B (General)<\/strong><\/h4>\n<ol>\n<li>Alejandro Tallarico \u2013 Vanguardia \u2013 06:23:12<\/li>\n<li>Gustavo Donofrio \u2013 Viejo Roble \u2013 06:23:32 (+20s)<\/li>\n<li>Ariel Cuello \u2013 Viejo Roble \u2013 06:24:39 (+1:27)<\/li>\n<li>Cristian Aimale \u2013 Clett\u00e1 \u2013 06:24:45 (+1:33)<\/li>\n<li>Diego Rodr\u00edguez \u2013 Vanguardia \u2013 06:29:05 (+5:53)<\/li>\n<li>Mart\u00edn Caprifoglio \u2013 Viejo Roble \u2013 06:29:41 (+6:29)<\/li>\n<li>Fernando Muto \u2013 GF Team Cycling \u2013 06:29:46 (+6:34)<\/li>\n<li>Claudio Paredes \u2013 Paredes Trainer \u2013 06:29:46 (+6:34)<\/li>\n<li>Nicol\u00e1s G\u00f3mez \u2013 La Copia \u2013 06:33:22 (+10:10)<\/li>\n<li>Diego Fonseca \u2013 Clett\u00e1 \u2013 06:33:22 (+10:10)<\/li>\n<\/ol>\n<p>&nbsp;<\/p>\n<h4><strong>Top 10 \u2013 Master C (General)<\/strong><\/h4>\n<ol>\n<li>Diego Gorocito \u2013 RT Extrem \u2013 06:32:39<\/li>\n<li>Mario Bustamante \u2013 Equipo 3 \u2013 06:35:47 (+3:08)<\/li>\n<li>Mariano Gladich \u2013 RT Extrem \u2013 06:35:51 (+3:12)<\/li>\n<li>Pablo Mallo \u2013 Team Global Credit Level \u2013 06:36:21 (+3:42)<\/li>\n<li>Manuel Salgado \u2013 Veterinaria Oslo \u2013 06:39:15 (+6:36)<\/li>\n<li>Carlos Cabrera Acosta \u2013 Veterinaria Oslo \u2013 06:40:39 (+8:00)<\/li>\n<li>Mauro Aylagas \u2013 Agroideas \u2013 06:42:00 (+9:21)<\/li>\n<li>Ismael Isa \u2013 La Copia \u2013 06:47:49 (+15:10)<\/li>\n<li>Claudio Baldo \u2013 Team Global Credit Level \u2013 06:49:20 (+16:41)<\/li>\n<li>Carlos Abrate \u2013 Team Global Credit Level \u2013 06:59:19 (+26:40).<\/li>\n<\/ol>\n<\/li>\n<\/ol>\n<\/li>\n<\/ol>\n","protected":false},"excerpt":{"rendered":"<p>Este fin de semana se desarroll\u00f3 la tradicional Doble San Francisco\u2013Miramar, que celebr\u00f3 su 56\u00aa edici\u00f3n en hombres y la<\/p>\n","protected":false},"author":2,"featured_media":61932,"comment_status":"closed","ping_status":"closed","sticky":false,"template":"","format":"standard","meta":{"footnotes":""},"categories":[4,24],"tags":[],"class_list":["post-61931","post","type-post","status-publish","format-standard","has-post-thumbnail","hentry","category-ciclismo","category-noticias-destacadas"],"cc_featured_image_caption":{"caption_text":"El equipo Gud Cycle 3 Cumbres, con presencias rafaelinas y de la regi\u00f3n.","source_text":"","source_url":""},"_links":{"self":[{"href":"https:\/\/todoapulmon-rafaela.com\/index.php\/wp-json\/wp\/v2\/posts\/61931"}],"collection":[{"href":"https:\/\/todoapulmon-rafaela.com\/index.php\/wp-json\/wp\/v2\/posts"}],"about":[{"href":"https:\/\/todoapulmon-rafaela.com\/index.php\/wp-json\/wp\/v2\/types\/post"}],"author":[{"embeddable":true,"href":"https:\/\/todoapulmon-rafaela.com\/index.php\/wp-json\/wp\/v2\/users\/2"}],"replies":[{"embeddable":true,"href":"https:\/\/todoapulmon-rafaela.com\/index.php\/wp-json\/wp\/v2\/comments?post=61931"}],"version-history":[{"count":1,"href":"https:\/\/todoapulmon-rafaela.com\/index.php\/wp-json\/wp\/v2\/posts\/61931\/revisions"}],"predecessor-version":[{"id":61934,"href":"https:\/\/todoapulmon-rafaela.com\/index.php\/wp-json\/wp\/v2\/posts\/61931\/revisions\/61934"}],"wp:featuredmedia":[{"embeddable":true,"href":"https:\/\/todoapulmon-rafaela.com\/index.php\/wp-json\/wp\/v2\/media\/61932"}],"wp:attachment":[{"href":"https:\/\/todoapulmon-rafaela.com\/index.php\/wp-json\/wp\/v2\/media?parent=61931"}],"wp:term":[{"taxonomy":"category","embeddable":true,"href":"https:\/\/todoapulmon-rafaela.com\/index.php\/wp-json\/wp\/v2\/categories?post=61931"},{"taxonomy":"post_tag","embeddable":true,"href":"https:\/\/todoapulmon-rafaela.com\/index.php\/wp-json\/wp\/v2\/tags?post=61931"}],"curies":[{"name":"wp","href":"https:\/\/api.w.org\/{rel}","templated":true}]}}