{"id":61806,"date":"2025-11-26T11:06:55","date_gmt":"2025-11-26T11:06:55","guid":{"rendered":"https:\/\/todoapulmon-rafaela.com\/?p=61806"},"modified":"2025-11-26T11:06:55","modified_gmt":"2025-11-26T11:06:55","slug":"aerobica-deportiva-gimnastas-rafaelinas-con-importantes-logros-en-buenos-aires","status":"publish","type":"post","link":"https:\/\/todoapulmon-rafaela.com\/index.php\/2025\/11\/26\/aerobica-deportiva-gimnastas-rafaelinas-con-importantes-logros-en-buenos-aires\/","title":{"rendered":"Aer\u00f3bica Deportiva: gimnastas rafaelinas con importantes logros en Buenos Aires"},"content":{"rendered":"<div dir=\"auto\">El s\u00e1bado 21 de noviembre se llev\u00f3 a cabo la final del Torneo Nacional de Gimnasia Aer\u00f3bica Deportiva con Proyecci\u00f3n Mundial FAGA en el Teatro Coliseo de Lomas de Zamora (Buenos Aires).<\/div>\n<div dir=\"auto\">La escuela EDAR de Rafaela, a cargo de Gabriela Amherd y Natalia Ravasio, clasificada en el mes de septiembre para dicha final, se destac\u00f3 en la competencia.<\/div>\n<div dir=\"auto\"><\/div>\n<div dir=\"auto\"><strong>&#8211; *PRIMER PUESTO* en la categor\u00eda Equipo (Pre-Elite) Infantil B:<\/strong><\/div>\n<div dir=\"auto\"><strong>&#8211; Luisina y Magdalena Zuliani<\/strong><\/div>\n<div dir=\"auto\"><strong>&#8211; Olivia P\u00e9rez Pastore<\/strong><\/div>\n<div dir=\"auto\"><strong>&#8211; Agustina y Guillermina Roca<\/strong><\/div>\n<div dir=\"auto\"><strong>&#8211; *Tercer puesto* en la categor\u00eda Individual Infantil A: Luisina Zuliani.<\/strong><\/div>\n<div dir=\"auto\"><img loading=\"lazy\" decoding=\"async\" class=\"alignnone size-full wp-image-61808\" src=\"https:\/\/todoapulmon-rafaela.com\/wp-content\/uploads\/2025\/11\/1000193601.jpg\" alt=\"\" width=\"1280\" height=\"960\" srcset=\"https:\/\/todoapulmon-rafaela.com\/wp-content\/uploads\/2025\/11\/1000193601.jpg 1280w, https:\/\/todoapulmon-rafaela.com\/wp-content\/uploads\/2025\/11\/1000193601-300x225.jpg 300w\" sizes=\"(max-width: 1280px) 100vw, 1280px\" \/><\/div>\n<div dir=\"auto\"><\/div>\n<div dir=\"auto\">Un logro importante para nuestra ciudad, que llena de orgullo a alumnas y profesoras, quienes expresaron sus felicitaciones a las gimnastas por el excelente desempe\u00f1o.<\/div>\n<div dir=\"auto\"><\/div>\n","protected":false},"excerpt":{"rendered":"<p>El s\u00e1bado 21 de noviembre se llev\u00f3 a cabo la final del Torneo Nacional de Gimnasia Aer\u00f3bica Deportiva con Proyecci\u00f3n<\/p>\n","protected":false},"author":2,"featured_media":61807,"comment_status":"closed","ping_status":"closed","sticky":false,"template":"","format":"standard","meta":{"footnotes":""},"categories":[24],"tags":[],"class_list":["post-61806","post","type-post","status-publish","format-standard","has-post-thumbnail","hentry","category-noticias-destacadas"],"cc_featured_image_caption":{"caption_text":"","source_text":"","source_url":""},"_links":{"self":[{"href":"https:\/\/todoapulmon-rafaela.com\/index.php\/wp-json\/wp\/v2\/posts\/61806"}],"collection":[{"href":"https:\/\/todoapulmon-rafaela.com\/index.php\/wp-json\/wp\/v2\/posts"}],"about":[{"href":"https:\/\/todoapulmon-rafaela.com\/index.php\/wp-json\/wp\/v2\/types\/post"}],"author":[{"embeddable":true,"href":"https:\/\/todoapulmon-rafaela.com\/index.php\/wp-json\/wp\/v2\/users\/2"}],"replies":[{"embeddable":true,"href":"https:\/\/todoapulmon-rafaela.com\/index.php\/wp-json\/wp\/v2\/comments?post=61806"}],"version-history":[{"count":1,"href":"https:\/\/todoapulmon-rafaela.com\/index.php\/wp-json\/wp\/v2\/posts\/61806\/revisions"}],"predecessor-version":[{"id":61809,"href":"https:\/\/todoapulmon-rafaela.com\/index.php\/wp-json\/wp\/v2\/posts\/61806\/revisions\/61809"}],"wp:featuredmedia":[{"embeddable":true,"href":"https:\/\/todoapulmon-rafaela.com\/index.php\/wp-json\/wp\/v2\/media\/61807"}],"wp:attachment":[{"href":"https:\/\/todoapulmon-rafaela.com\/index.php\/wp-json\/wp\/v2\/media?parent=61806"}],"wp:term":[{"taxonomy":"category","embeddable":true,"href":"https:\/\/todoapulmon-rafaela.com\/index.php\/wp-json\/wp\/v2\/categories?post=61806"},{"taxonomy":"post_tag","embeddable":true,"href":"https:\/\/todoapulmon-rafaela.com\/index.php\/wp-json\/wp\/v2\/tags?post=61806"}],"curies":[{"name":"wp","href":"https:\/\/api.w.org\/{rel}","templated":true}]}}