{"id":61784,"date":"2025-11-25T14:41:11","date_gmt":"2025-11-25T14:41:11","guid":{"rendered":"https:\/\/todoapulmon-rafaela.com\/?p=61784"},"modified":"2025-11-25T14:41:11","modified_gmt":"2025-11-25T14:41:11","slug":"copa-davis-ante-corea-del-sur-en-febrero","status":"publish","type":"post","link":"https:\/\/todoapulmon-rafaela.com\/index.php\/2025\/11\/25\/copa-davis-ante-corea-del-sur-en-febrero\/","title":{"rendered":"Copa Davis: ante Corea del Sur en febrero"},"content":{"rendered":"<p><strong><span dir=\"auto\">La Selecci\u00f3n Argentina de Tenis <\/span><\/strong><span dir=\"auto\">ya tiene rival para la primera ronda de los\u00a0<\/span><strong><span dir=\"auto\">Qualifiers 2026.<\/span><\/strong><span dir=\"auto\">\u00a0Este domingo, en la sala de prensa del\u00a0<\/span><strong><span dir=\"auto\">Bologna Fiere,<\/span><\/strong><span dir=\"auto\">\u00a0el sorteo propuesto que\u00a0<\/span><strong><span dir=\"auto\">Corea del Sur<\/span><\/strong><span dir=\"auto\">\u00a0ser\u00e1 el rival de\u00a0<\/span><i><span dir=\"auto\">Los Halcones,<\/span><\/i><span dir=\"auto\">\u00a0en una serie que se disputar\u00e1\u00a0<\/span><strong><span dir=\"auto\">en calidad de visitante<\/span><\/strong><span dir=\"auto\">\u00a0durante la semana que comienza el 2\u00a0<\/span><strong><span dir=\"auto\">de febrero<\/span><\/strong><span dir=\"auto\">\u00a0.<\/span><\/p>\n<p><span dir=\"auto\">El enfrentamiento se jugar\u00e1 el\u00a0<\/span><strong><span dir=\"auto\">6 y 7 de febrero<\/span><\/strong><span dir=\"auto\">\u00a0o el\u00a0<\/span><strong><span dir=\"auto\">7 y 8 de febrero<\/span><\/strong><span dir=\"auto\">\u00a0(a elecci\u00f3n del pa\u00eds anfitri\u00f3n) sobre la superficie que elija\u00a0<\/span><strong><span dir=\"auto\">Corea del Sur<\/span><\/strong><span dir=\"auto\">\u00a0, que viene de derrotar como local por\u00a0<\/span><strong><span dir=\"auto\">3-1<\/span><\/strong><span dir=\"auto\">\u00a0a\u00a0<\/span><strong><span dir=\"auto\">Kazajist\u00e1n<\/span><\/strong><span dir=\"auto\">\u00a0en el\u00a0<\/span><strong><span dir=\"auto\">Grupo Mundial I,<\/span><\/strong><span dir=\"auto\">\u00a0disputado en septiembre.<\/span><\/p>\n<p><span dir=\"auto\">En aquella oportunidad, el local eligi\u00f3 una superficie r\u00e1pida en la ciudad de\u00a0<\/span><strong><span dir=\"auto\">Chuncheon<\/span><\/strong><span dir=\"auto\">\u00a0y cont\u00f3 con la presencia de\u00a0<\/span><strong><span dir=\"auto\">Hyeon Chung (366\u00b0), Sanhui Shin (374\u00b0), Soonwoo Kwon (481\u00b0), Uisung Park (242\u00b0 en dobles)<\/span><\/strong><span dir=\"auto\">\u00a0y\u00a0<\/span><strong><span dir=\"auto\">Jisung Nam (168\u00b0 en dobles)<\/span><\/strong><span dir=\"auto\">\u00a0. En febrero, los\u00a0<\/span><i><span dir=\"auto\">surcoreanos<\/span><\/i><span dir=\"auto\">\u00a0fueron superados como visitantes por\u00a0<\/span><strong><span dir=\"auto\">Rep\u00fablica Checa<\/span><\/strong><span dir=\"auto\">\u00a0por 4-0 en la primera ronda de los\u00a0<\/span><strong><span dir=\"auto\">Qualifiers<\/span><\/strong><span dir=\"auto\">\u00a0.<\/span><\/p>\n<p><span dir=\"auto\">Tras el desenlace del sorteo que defini\u00f3 la visita a\u00a0<\/span><strong><span dir=\"auto\">Corea del Sur,<\/span><\/strong><span dir=\"auto\"> el capit\u00e1n argentino, el rafaelino <\/span><strong><span dir=\"auto\">Javier Frana<\/span><\/strong><span dir=\"auto\">\u00a0sostuvo: \u00abCon relaci\u00f3n al sorteo, uno trata de aceptar lo que toca y no empezar a hacer conjeturas. Obviamente todos ten\u00edamos el deseo y las ganas de jugar de local, porque este a\u00f1o sentimos much\u00edsimo el apoyo de la gente, la cercan\u00eda y la conexi\u00f3n con el p\u00fablico, incluso a la distancia\u00bb.<\/span><\/p>\n<p><span dir=\"auto\">Y admiti\u00f3: \u00abEsperamos poder tener una buena primera ronda. M\u00e1s all\u00e1 de la incomodidad del traslado y la distancia, de jugar lejos y de tener que sortear este primer desaf\u00edo, despu\u00e9s veremos c\u00f3mo se dan las situaciones. Pero, como siempre digo, no es momento de ir m\u00e1s all\u00e1 de lo inmediato\u00bb.<\/span><\/p>\n<p><span dir=\"auto\">Del sorteo particip\u00f3 el presidente de la\u00a0<\/span><strong><span dir=\"auto\">Asociaci\u00f3n Argentina de Tenis,\u00a0<\/span><\/strong><strong><span dir=\"auto\">Agust\u00edn Calleri<\/span><\/strong><span dir=\"auto\">\u00a0, y el vicepresidente,\u00a0<\/span><strong><span dir=\"auto\">Mariano Zabaleta<\/span><\/strong><span dir=\"auto\">\u00a0. Al finalizar la ceremonia,\u00a0<\/span><strong><span dir=\"auto\">Calleri<\/span><\/strong><span dir=\"auto\">\u00a0expres\u00f3 su sensaci\u00f3n sobre el cruce: \u00abClaramente no era el sorteo que esper\u00e1bamos, porque se van a cumplir dos a\u00f1os sin jugar Copa Davis de local. Pero no hay tiempo para lamentos y confiamos mucho en este equipo, que demostr\u00f3 ser competitivo en todos los escenarios donde jug\u00f3\u00bb.<\/span><\/p>\n<p><strong><span dir=\"auto\">Argentina<\/span><\/strong><span dir=\"auto\">\u00a0, en tanto, viene de disputar el\u00a0<\/span><strong><span dir=\"auto\">Final 8,<\/span><\/strong><span dir=\"auto\">\u00a0donde cay\u00f3 en los cuartos de final ante\u00a0<\/span><strong><span dir=\"auto\">Alemania.<\/span><\/strong><span dir=\"auto\">\u00a0Para llegar a esta instancia hab\u00eda superado las dos primeras rondas de los\u00a0<\/span><strong><span dir=\"auto\">Qualifiers<\/span><\/strong><span dir=\"auto\">\u00a0: primero a\u00a0<\/span><strong><span dir=\"auto\">Noruega, en Oslo,<\/span><\/strong><span dir=\"auto\">\u00a0y luego a\u00a0<\/span><strong><span dir=\"auto\">Pa\u00edses Bajos, en Groningen.<\/span><\/strong><span dir=\"auto\">\u00a0A lo largo de la temporada,\u00a0<\/span><strong><span dir=\"auto\">Frana<\/span><\/strong><span dir=\"auto\">\u00a0convoc\u00f3 a siete jugadores:\u00a0<\/span><strong><span dir=\"auto\">Francisco Cer\u00fandolo<\/span><\/strong><span dir=\"auto\">\u00a0,\u00a0<\/span><strong><span dir=\"auto\">Tom\u00e1s Etcheverry<\/span><\/strong><span dir=\"auto\">\u00a0,\u00a0<\/span><strong><span dir=\"auto\">Francisco Comesa\u00f1a<\/span><\/strong><span dir=\"auto\">\u00a0,\u00a0<\/span><strong><span dir=\"auto\">Mariano Navone<\/span><\/strong><span dir=\"auto\">\u00a0,\u00a0<\/span><strong><span dir=\"auto\">Facundo D\u00edaz Acosta<\/span><\/strong><span dir=\"auto\">\u00a0,\u00a0<\/span><strong><span dir=\"auto\">Horacio Zeballos<\/span><\/strong><span dir=\"auto\">\u00a0y\u00a0<\/span><strong><span dir=\"auto\">Andr\u00e9s Molteni<\/span><\/strong><span dir=\"auto\">\u00a0.<\/span><\/p>\n<h3><span dir=\"auto\">Lo que define la serie en febrero<\/span><\/h3>\n<p><span dir=\"auto\">En caso de avanzar en febrero, donde se enfrentar\u00e1n 26 naciones bajo formato local\/visitante,\u00a0<\/span><i><span dir=\"auto\">Los Halcones<\/span><\/i><span dir=\"auto\">\u00a0jugar\u00e1n de local, en septiembre, ante el vencedor de\u00a0<\/span><strong><span dir=\"auto\">Pa\u00edses Bajos<\/span><\/strong><span dir=\"auto\">\u00a0o\u00a0<\/span><strong><span dir=\"auto\">India<\/span><\/strong><span dir=\"auto\">\u00a0.<\/span><\/p>\n<p><span dir=\"auto\">Cada eliminatoria de la primera ronda de los Qualifiers consta de\u00a0<\/span><strong><span dir=\"auto\">dos partidos individuales el primer d\u00eda<\/span><\/strong><span dir=\"auto\">\u00a0y\u00a0<\/span><strong><span dir=\"auto\">un partido de dobles seguido de dos individuales el segundo d\u00eda<\/span><\/strong><span dir=\"auto\">\u00a0. Los pa\u00edses ganadores avanzar\u00e1n a la\u00a0<\/span><strong><span dir=\"auto\">segunda ronda de los clasificatorios<\/span><\/strong><span dir=\"auto\">\u00a0, a disputarse en septiembre (entre el\u00a0<\/span><strong><span dir=\"auto\">18 y 19<\/span><\/strong><span dir=\"auto\">\u00a0o el\u00a0<\/span><strong><span dir=\"auto\">19 y 20<\/span><\/strong><span dir=\"auto\">\u00a0, seg\u00fan programaci\u00f3n). Por su parte, los equipos que pierdan deber\u00e1n competir en las\u00a0<\/span><strong><span dir=\"auto\">eliminatorias del Grupo Mundial I<\/span><\/strong><span dir=\"auto\">\u00a0, tambi\u00e9n en septiembre.<\/span><\/p>\n<p>Fuente: Asociaci\u00f3n Argentina de Tenis.<\/p>\n","protected":false},"excerpt":{"rendered":"<p>La Selecci\u00f3n Argentina de Tenis ya tiene rival para la primera ronda de los\u00a0Qualifiers 2026.\u00a0Este domingo, en la sala de<\/p>\n","protected":false},"author":2,"featured_media":61785,"comment_status":"closed","ping_status":"closed","sticky":false,"template":"","format":"standard","meta":{"footnotes":""},"categories":[24,6],"tags":[],"class_list":["post-61784","post","type-post","status-publish","format-standard","has-post-thumbnail","hentry","category-noticias-destacadas","category-tenis"],"cc_featured_image_caption":{"caption_text":"FOTO AAT","source_text":"","source_url":""},"_links":{"self":[{"href":"https:\/\/todoapulmon-rafaela.com\/index.php\/wp-json\/wp\/v2\/posts\/61784"}],"collection":[{"href":"https:\/\/todoapulmon-rafaela.com\/index.php\/wp-json\/wp\/v2\/posts"}],"about":[{"href":"https:\/\/todoapulmon-rafaela.com\/index.php\/wp-json\/wp\/v2\/types\/post"}],"author":[{"embeddable":true,"href":"https:\/\/todoapulmon-rafaela.com\/index.php\/wp-json\/wp\/v2\/users\/2"}],"replies":[{"embeddable":true,"href":"https:\/\/todoapulmon-rafaela.com\/index.php\/wp-json\/wp\/v2\/comments?post=61784"}],"version-history":[{"count":1,"href":"https:\/\/todoapulmon-rafaela.com\/index.php\/wp-json\/wp\/v2\/posts\/61784\/revisions"}],"predecessor-version":[{"id":61786,"href":"https:\/\/todoapulmon-rafaela.com\/index.php\/wp-json\/wp\/v2\/posts\/61784\/revisions\/61786"}],"wp:featuredmedia":[{"embeddable":true,"href":"https:\/\/todoapulmon-rafaela.com\/index.php\/wp-json\/wp\/v2\/media\/61785"}],"wp:attachment":[{"href":"https:\/\/todoapulmon-rafaela.com\/index.php\/wp-json\/wp\/v2\/media?parent=61784"}],"wp:term":[{"taxonomy":"category","embeddable":true,"href":"https:\/\/todoapulmon-rafaela.com\/index.php\/wp-json\/wp\/v2\/categories?post=61784"},{"taxonomy":"post_tag","embeddable":true,"href":"https:\/\/todoapulmon-rafaela.com\/index.php\/wp-json\/wp\/v2\/tags?post=61784"}],"curies":[{"name":"wp","href":"https:\/\/api.w.org\/{rel}","templated":true}]}}