{"id":61676,"date":"2025-11-20T23:37:18","date_gmt":"2025-11-20T23:37:18","guid":{"rendered":"https:\/\/todoapulmon-rafaela.com\/?p=61676"},"modified":"2025-11-20T23:37:18","modified_gmt":"2025-11-20T23:37:18","slug":"lucas-peretti-fue-reconocido-por-la-camara-de-diputados","status":"publish","type":"post","link":"https:\/\/todoapulmon-rafaela.com\/index.php\/2025\/11\/20\/lucas-peretti-fue-reconocido-por-la-camara-de-diputados\/","title":{"rendered":"Lucas Peretti fue reconocido por la C\u00e1mara de Diputados"},"content":{"rendered":"<p>La C\u00e1mara de Diputados de Santa Fe realiz\u00f3 una nueva entrega de Diplomas de Honor y Reconocimiento a santafesinos destacados. <strong>La ceremonia se llev\u00f3 a cabo el mi\u00e9rcoles 19 de noviembre en la Legislatura Santafesina.<\/strong><\/p>\n<p>El acto distingui\u00f3 la diversidad del talento santafesino, y Lucas Peretti tuvo su merecida distinci\u00f3n.<\/p>\n<p>El ciclista rafaelino fue premiado luego del doble campeonato del Mundo Master obtenido en Francia, en las especialidades de 750 metros con partida detenida y velocidad.<\/p>\n","protected":false},"excerpt":{"rendered":"<p>La C\u00e1mara de Diputados de Santa Fe realiz\u00f3 una nueva entrega de Diplomas de Honor y Reconocimiento a santafesinos destacados.<\/p>\n","protected":false},"author":2,"featured_media":61679,"comment_status":"closed","ping_status":"closed","sticky":false,"template":"","format":"standard","meta":{"footnotes":""},"categories":[4,24],"tags":[],"class_list":["post-61676","post","type-post","status-publish","format-standard","has-post-thumbnail","hentry","category-ciclismo","category-noticias-destacadas"],"cc_featured_image_caption":{"caption_text":"","source_text":"","source_url":""},"_links":{"self":[{"href":"https:\/\/todoapulmon-rafaela.com\/index.php\/wp-json\/wp\/v2\/posts\/61676"}],"collection":[{"href":"https:\/\/todoapulmon-rafaela.com\/index.php\/wp-json\/wp\/v2\/posts"}],"about":[{"href":"https:\/\/todoapulmon-rafaela.com\/index.php\/wp-json\/wp\/v2\/types\/post"}],"author":[{"embeddable":true,"href":"https:\/\/todoapulmon-rafaela.com\/index.php\/wp-json\/wp\/v2\/users\/2"}],"replies":[{"embeddable":true,"href":"https:\/\/todoapulmon-rafaela.com\/index.php\/wp-json\/wp\/v2\/comments?post=61676"}],"version-history":[{"count":3,"href":"https:\/\/todoapulmon-rafaela.com\/index.php\/wp-json\/wp\/v2\/posts\/61676\/revisions"}],"predecessor-version":[{"id":61680,"href":"https:\/\/todoapulmon-rafaela.com\/index.php\/wp-json\/wp\/v2\/posts\/61676\/revisions\/61680"}],"wp:featuredmedia":[{"embeddable":true,"href":"https:\/\/todoapulmon-rafaela.com\/index.php\/wp-json\/wp\/v2\/media\/61679"}],"wp:attachment":[{"href":"https:\/\/todoapulmon-rafaela.com\/index.php\/wp-json\/wp\/v2\/media?parent=61676"}],"wp:term":[{"taxonomy":"category","embeddable":true,"href":"https:\/\/todoapulmon-rafaela.com\/index.php\/wp-json\/wp\/v2\/categories?post=61676"},{"taxonomy":"post_tag","embeddable":true,"href":"https:\/\/todoapulmon-rafaela.com\/index.php\/wp-json\/wp\/v2\/tags?post=61676"}],"curies":[{"name":"wp","href":"https:\/\/api.w.org\/{rel}","templated":true}]}}