{"id":61571,"date":"2025-11-15T02:34:22","date_gmt":"2025-11-15T02:34:22","guid":{"rendered":"https:\/\/todoapulmon-rafaela.com\/?p=61571"},"modified":"2025-11-15T02:34:22","modified_gmt":"2025-11-15T02:34:22","slug":"atletico-es-el-campeon-del-pre-federal-y-saco-pasaje-a-la-liga-federal","status":"publish","type":"post","link":"https:\/\/todoapulmon-rafaela.com\/index.php\/2025\/11\/15\/atletico-es-el-campeon-del-pre-federal-y-saco-pasaje-a-la-liga-federal\/","title":{"rendered":"Atl\u00e9tico es el campe\u00f3n del Pre Federal y sac\u00f3 pasaje a la Liga Federal"},"content":{"rendered":"<p>La Crema barri\u00f3 la serie final del torneo Pre Federal \u00abMemo Bertoldi\u00bb de primera divisi\u00f3n de la Asociaci\u00f3n Rafaelina de b\u00e1squetbol.<\/p>\n<p>Este viernes derrot\u00f3 en el Hogar de los Tigres de Sunchales a Libertad por 67 a 51 y liquid\u00f3 por 3 a 0 el enfrentamiento. La progresi\u00f3n en el marcador fue: 16-27, 24-35 y 35-56.<\/p>\n<p>El elenco de Claudio Requejo tuvo un gran trabajo defensivo y en el tercer cuarto, con un parcial de 21-11, logr\u00f3 una ventaja de 21 puntos que le permiti\u00f3 cerrar el juego con tranquilidad.<\/p>\n<p><img loading=\"lazy\" decoding=\"async\" class=\"alignnone size-full wp-image-61573\" src=\"https:\/\/todoapulmon-rafaela.com\/wp-content\/uploads\/2025\/11\/Nasi-Memo.jpg\" alt=\"\" width=\"1440\" height=\"1080\" srcset=\"https:\/\/todoapulmon-rafaela.com\/wp-content\/uploads\/2025\/11\/Nasi-Memo.jpg 1440w, https:\/\/todoapulmon-rafaela.com\/wp-content\/uploads\/2025\/11\/Nasi-Memo-300x225.jpg 300w\" sizes=\"(max-width: 1440px) 100vw, 1440px\" \/><\/p>\n<p>Tadeo Mire fue el goleador celeste y del juego con 17 puntos, mientras que Nicol\u00e1s Crotti anot\u00f3 10, Santiago Caligaris, Gonzalo Nasi y Francisco Balangero 9, entre los principales anotadores.<\/p>\n<p>En los Tigres, Mariano Ceruti fue su m\u00e1xima referencia ofensiva con 12 tantos, mientras que Gabriel Peterlin anot\u00f3 10 y Emanuel C\u00f3rdoba 9.<\/p>\n<p>Con este t\u00edtulo, el conjunto celeste obtuvo el derecho a disputar la Liga Federal 2026, el tercer nivel de competencia que cuenta con la organizaci\u00f3n de la Confederaci\u00f3n Argentina de B\u00e1squetbol.<\/p>\n<p>El propio Remo \u00abMemo\u00bb Bertoldi fue el encargado de entregar el trofeo de campe\u00f3n al capit\u00e1n Gonzalo Nasi.<\/p>\n","protected":false},"excerpt":{"rendered":"<p>La Crema barri\u00f3 la serie final del torneo Pre Federal \u00abMemo Bertoldi\u00bb de primera divisi\u00f3n de la Asociaci\u00f3n Rafaelina de<\/p>\n","protected":false},"author":2,"featured_media":61572,"comment_status":"closed","ping_status":"closed","sticky":false,"template":"","format":"standard","meta":{"footnotes":""},"categories":[5,24],"tags":[],"class_list":["post-61571","post","type-post","status-publish","format-standard","has-post-thumbnail","hentry","category-basquet","category-noticias-destacadas"],"cc_featured_image_caption":{"caption_text":"FOTO PRENSA ATLETICO","source_text":"","source_url":""},"_links":{"self":[{"href":"https:\/\/todoapulmon-rafaela.com\/index.php\/wp-json\/wp\/v2\/posts\/61571"}],"collection":[{"href":"https:\/\/todoapulmon-rafaela.com\/index.php\/wp-json\/wp\/v2\/posts"}],"about":[{"href":"https:\/\/todoapulmon-rafaela.com\/index.php\/wp-json\/wp\/v2\/types\/post"}],"author":[{"embeddable":true,"href":"https:\/\/todoapulmon-rafaela.com\/index.php\/wp-json\/wp\/v2\/users\/2"}],"replies":[{"embeddable":true,"href":"https:\/\/todoapulmon-rafaela.com\/index.php\/wp-json\/wp\/v2\/comments?post=61571"}],"version-history":[{"count":1,"href":"https:\/\/todoapulmon-rafaela.com\/index.php\/wp-json\/wp\/v2\/posts\/61571\/revisions"}],"predecessor-version":[{"id":61574,"href":"https:\/\/todoapulmon-rafaela.com\/index.php\/wp-json\/wp\/v2\/posts\/61571\/revisions\/61574"}],"wp:featuredmedia":[{"embeddable":true,"href":"https:\/\/todoapulmon-rafaela.com\/index.php\/wp-json\/wp\/v2\/media\/61572"}],"wp:attachment":[{"href":"https:\/\/todoapulmon-rafaela.com\/index.php\/wp-json\/wp\/v2\/media?parent=61571"}],"wp:term":[{"taxonomy":"category","embeddable":true,"href":"https:\/\/todoapulmon-rafaela.com\/index.php\/wp-json\/wp\/v2\/categories?post=61571"},{"taxonomy":"post_tag","embeddable":true,"href":"https:\/\/todoapulmon-rafaela.com\/index.php\/wp-json\/wp\/v2\/tags?post=61571"}],"curies":[{"name":"wp","href":"https:\/\/api.w.org\/{rel}","templated":true}]}}