{"id":61468,"date":"2025-11-10T12:47:19","date_gmt":"2025-11-10T12:47:19","guid":{"rendered":"https:\/\/todoapulmon-rafaela.com\/?p=61468"},"modified":"2025-11-10T12:47:19","modified_gmt":"2025-11-10T12:47:19","slug":"sexto-puesto-para-los-seleccionados-sub-12-de-la-arv","status":"publish","type":"post","link":"https:\/\/todoapulmon-rafaela.com\/index.php\/2025\/11\/10\/sexto-puesto-para-los-seleccionados-sub-12-de-la-arv\/","title":{"rendered":"Sexto puesto para los Seleccionados Sub 12 de la ARV"},"content":{"rendered":"<p>Este fin de semana se disput\u00f3 en Ca\u00f1ada Rosqu\u00edn el Campeonato Provincial Sub 12 organizado por la Federaci\u00f3n Santafesina de Voley.<\/p>\n<p>Los seleccionados de la Asociaci\u00f3n Rafaelina tuvieron un meritorio desempe\u00f1o, finalizando en la sexta posici\u00f3n tanto en damas como varones.<\/p>\n<p>En ambas ramas el campe\u00f3n fue la Asociaci\u00f3n Santafesina.<\/p>\n<p>INTEGRACION DE LOS EQUIPOS<\/p>\n<p><strong>ARV SUB 12 FEMENINO<\/strong><\/p>\n<p>SANTA CRUZ, Maia<br \/>\nSANTA CRUZ, Lola<br \/>\nMU\u00d1OZ, Paloma<br \/>\nRE, Emilia<br \/>\nPAPORELLO , Ana Paula<br \/>\nSUPERSAXCO, Pia<br \/>\nREVILLA, Guillermina<br \/>\nERNST, Pierina<br \/>\nMACELLO, Bianca<br \/>\nGRANDE, Kiara<br \/>\nRICARTE, Amparo<br \/>\nJUAREZ , Uma<br \/>\nGIORDANA, Camila<br \/>\nGIRAUDO, Irina Nicole<\/p>\n<p>T\u00e9cnico en jefe: CALORIO, NATALIA<br \/>\nAsistentes t\u00e9cnicos: ACOSTA, MAIRA- ALBERTO TERESITA.<\/p>\n<p><img loading=\"lazy\" decoding=\"async\" class=\"alignnone size-full wp-image-61470\" src=\"https:\/\/todoapulmon-rafaela.com\/wp-content\/uploads\/2025\/11\/Varones-Sub-12.jpg\" alt=\"\" width=\"1600\" height=\"1013\" srcset=\"https:\/\/todoapulmon-rafaela.com\/wp-content\/uploads\/2025\/11\/Varones-Sub-12.jpg 1600w, https:\/\/todoapulmon-rafaela.com\/wp-content\/uploads\/2025\/11\/Varones-Sub-12-300x190.jpg 300w, https:\/\/todoapulmon-rafaela.com\/wp-content\/uploads\/2025\/11\/Varones-Sub-12-1536x972.jpg 1536w\" sizes=\"(max-width: 1600px) 100vw, 1600px\" \/><\/p>\n<p><strong>ARV SUB 12 MASCULINO<\/strong><\/p>\n<p>Almaraz, Juan Manuel<br \/>\nArduzzo, Bautista Alejandro<br \/>\nBarreto, Alejo<br \/>\nC\u00e1mara, L\u00e1zaro<br \/>\nCamusso, Jer\u00f3nimo Mateo<br \/>\nKinen, St\u00e9fano<br \/>\nNavarro Rabelino , Cristian Caleb<br \/>\nNavarro Rabelino, Jairo<br \/>\nPortianka, Valentino<br \/>\nSolis, Agustin<br \/>\nTomatis, Mauricio<br \/>\nTorres Ciotti, Valentino<br \/>\nValdes, Sim\u00f3n<br \/>\nWaingardt Buratto, Dante<\/p>\n<p>T\u00e9cnico en jefe: C\u00c1MARA, ADRIANA<br \/>\nAsistente t\u00e9cnico: IBARRA, JEREM\u00cdAS.<\/p>\n","protected":false},"excerpt":{"rendered":"<p>Este fin de semana se disput\u00f3 en Ca\u00f1ada Rosqu\u00edn el Campeonato Provincial Sub 12 organizado por la Federaci\u00f3n Santafesina de<\/p>\n","protected":false},"author":2,"featured_media":61469,"comment_status":"closed","ping_status":"closed","sticky":false,"template":"","format":"standard","meta":{"footnotes":""},"categories":[24,16],"tags":[],"class_list":["post-61468","post","type-post","status-publish","format-standard","has-post-thumbnail","hentry","category-noticias-destacadas","category-voley"],"cc_featured_image_caption":{"caption_text":"","source_text":"","source_url":""},"_links":{"self":[{"href":"https:\/\/todoapulmon-rafaela.com\/index.php\/wp-json\/wp\/v2\/posts\/61468"}],"collection":[{"href":"https:\/\/todoapulmon-rafaela.com\/index.php\/wp-json\/wp\/v2\/posts"}],"about":[{"href":"https:\/\/todoapulmon-rafaela.com\/index.php\/wp-json\/wp\/v2\/types\/post"}],"author":[{"embeddable":true,"href":"https:\/\/todoapulmon-rafaela.com\/index.php\/wp-json\/wp\/v2\/users\/2"}],"replies":[{"embeddable":true,"href":"https:\/\/todoapulmon-rafaela.com\/index.php\/wp-json\/wp\/v2\/comments?post=61468"}],"version-history":[{"count":1,"href":"https:\/\/todoapulmon-rafaela.com\/index.php\/wp-json\/wp\/v2\/posts\/61468\/revisions"}],"predecessor-version":[{"id":61471,"href":"https:\/\/todoapulmon-rafaela.com\/index.php\/wp-json\/wp\/v2\/posts\/61468\/revisions\/61471"}],"wp:featuredmedia":[{"embeddable":true,"href":"https:\/\/todoapulmon-rafaela.com\/index.php\/wp-json\/wp\/v2\/media\/61469"}],"wp:attachment":[{"href":"https:\/\/todoapulmon-rafaela.com\/index.php\/wp-json\/wp\/v2\/media?parent=61468"}],"wp:term":[{"taxonomy":"category","embeddable":true,"href":"https:\/\/todoapulmon-rafaela.com\/index.php\/wp-json\/wp\/v2\/categories?post=61468"},{"taxonomy":"post_tag","embeddable":true,"href":"https:\/\/todoapulmon-rafaela.com\/index.php\/wp-json\/wp\/v2\/tags?post=61468"}],"curies":[{"name":"wp","href":"https:\/\/api.w.org\/{rel}","templated":true}]}}