{"id":61415,"date":"2025-11-09T21:14:39","date_gmt":"2025-11-09T21:14:39","guid":{"rendered":"https:\/\/todoapulmon-rafaela.com\/?p=61415"},"modified":"2025-11-09T21:14:39","modified_gmt":"2025-11-09T21:14:39","slug":"el-triatlon-rafaelino-estuvo-muy-bien-representado-en-el-mundial","status":"publish","type":"post","link":"https:\/\/todoapulmon-rafaela.com\/index.php\/2025\/11\/09\/el-triatlon-rafaelino-estuvo-muy-bien-representado-en-el-mundial\/","title":{"rendered":"El triatl\u00f3n rafaelino estuvo muy bien representado en el Mundial"},"content":{"rendered":"<p>Este fin de semana se desarroll\u00f3 el Mundial de Ironman 70.3 en Marbella, Espa\u00f1a, donde participaron cuatro representantes de nuestra ciudad.<\/p>\n<p>Todos pudieron completar la prueba, siendo el primer aspecto para destacar en un evento que convoc\u00f3 a 6.700 participantes de 114 pa\u00edses.<\/p>\n<p>Marcos Peretti emple\u00f3 un tiempo de 4h 41m 57s que lo posicion\u00f3 107 en la categor\u00eda 35-39, que tuvo 493 inscriptos, y en la general masculina 502 sobre 3.332 participantes. Recordemos que fue su primer Mundial.<\/p>\n<p>En tanto, su padre Sergio complet\u00f3 los 1.900 metros de nado, 90 km. de ciclismo y 21 km. de pedestrismo en 6h 45m 08s, quedando en el puesto 139 de la categor\u00eda 60-64.<\/p>\n<p><img loading=\"lazy\" decoding=\"async\" class=\"alignnone size-full wp-image-61443\" src=\"https:\/\/todoapulmon-rafaela.com\/wp-content\/uploads\/2025\/11\/IMG-20251109-WA0012.jpg\" alt=\"\" width=\"960\" height=\"1280\" srcset=\"https:\/\/todoapulmon-rafaela.com\/wp-content\/uploads\/2025\/11\/IMG-20251109-WA0012.jpg 960w, https:\/\/todoapulmon-rafaela.com\/wp-content\/uploads\/2025\/11\/IMG-20251109-WA0012-225x300.jpg 225w\" sizes=\"(max-width: 960px) 100vw, 960px\" \/><\/p>\n<p>El s\u00e1bado fue el momento de la competencia femenina, donde Catalina Ingaramo tuvo un tiempo de 6h 08m 21s para ubicarse en el puesto 101 de la categor\u00eda de 18-24 a\u00f1os, entre 160 participantes.<\/p>\n<p><img loading=\"lazy\" decoding=\"async\" class=\"alignnone size-full wp-image-61444\" src=\"https:\/\/todoapulmon-rafaela.com\/wp-content\/uploads\/2025\/11\/IMG-20251109-WA0016-scaled.jpg\" alt=\"\" width=\"1919\" height=\"2560\" srcset=\"https:\/\/todoapulmon-rafaela.com\/wp-content\/uploads\/2025\/11\/IMG-20251109-WA0016-scaled.jpg 1919w, https:\/\/todoapulmon-rafaela.com\/wp-content\/uploads\/2025\/11\/IMG-20251109-WA0016-225x300.jpg 225w, https:\/\/todoapulmon-rafaela.com\/wp-content\/uploads\/2025\/11\/IMG-20251109-WA0016-1125x1500.jpg 1125w, https:\/\/todoapulmon-rafaela.com\/wp-content\/uploads\/2025\/11\/IMG-20251109-WA0016-1152x1536.jpg 1152w, https:\/\/todoapulmon-rafaela.com\/wp-content\/uploads\/2025\/11\/IMG-20251109-WA0016-1536x2048.jpg 1536w\" sizes=\"(max-width: 1919px) 100vw, 1919px\" \/><\/p>\n<p>Por su parte, su madre Susana Hauswirth cronometr\u00f3 6h 47m 57s que la ubicaron en el puesto 79 de la categor\u00eda 55-59 entre 164 inscriptas.<\/p>\n<p><img loading=\"lazy\" decoding=\"async\" class=\"alignnone size-full wp-image-61445\" src=\"https:\/\/todoapulmon-rafaela.com\/wp-content\/uploads\/2025\/11\/IMG-20251109-WA0013.jpg\" alt=\"\" width=\"960\" height=\"1280\" srcset=\"https:\/\/todoapulmon-rafaela.com\/wp-content\/uploads\/2025\/11\/IMG-20251109-WA0013.jpg 960w, https:\/\/todoapulmon-rafaela.com\/wp-content\/uploads\/2025\/11\/IMG-20251109-WA0013-225x300.jpg 225w\" sizes=\"(max-width: 960px) 100vw, 960px\" \/><\/p>\n","protected":false},"excerpt":{"rendered":"<p>Este fin de semana se desarroll\u00f3 el Mundial de Ironman 70.3 en Marbella, Espa\u00f1a, donde participaron cuatro representantes de nuestra<\/p>\n","protected":false},"author":2,"featured_media":61442,"comment_status":"closed","ping_status":"closed","sticky":false,"template":"","format":"standard","meta":{"footnotes":""},"categories":[24,28],"tags":[],"class_list":["post-61415","post","type-post","status-publish","format-standard","has-post-thumbnail","hentry","category-noticias-destacadas","category-triatlon"],"cc_featured_image_caption":{"caption_text":"Marcos Peretti tuvo su primer Mundial con un destacado desempe\u00f1o.","source_text":"","source_url":""},"_links":{"self":[{"href":"https:\/\/todoapulmon-rafaela.com\/index.php\/wp-json\/wp\/v2\/posts\/61415"}],"collection":[{"href":"https:\/\/todoapulmon-rafaela.com\/index.php\/wp-json\/wp\/v2\/posts"}],"about":[{"href":"https:\/\/todoapulmon-rafaela.com\/index.php\/wp-json\/wp\/v2\/types\/post"}],"author":[{"embeddable":true,"href":"https:\/\/todoapulmon-rafaela.com\/index.php\/wp-json\/wp\/v2\/users\/2"}],"replies":[{"embeddable":true,"href":"https:\/\/todoapulmon-rafaela.com\/index.php\/wp-json\/wp\/v2\/comments?post=61415"}],"version-history":[{"count":3,"href":"https:\/\/todoapulmon-rafaela.com\/index.php\/wp-json\/wp\/v2\/posts\/61415\/revisions"}],"predecessor-version":[{"id":61446,"href":"https:\/\/todoapulmon-rafaela.com\/index.php\/wp-json\/wp\/v2\/posts\/61415\/revisions\/61446"}],"wp:featuredmedia":[{"embeddable":true,"href":"https:\/\/todoapulmon-rafaela.com\/index.php\/wp-json\/wp\/v2\/media\/61442"}],"wp:attachment":[{"href":"https:\/\/todoapulmon-rafaela.com\/index.php\/wp-json\/wp\/v2\/media?parent=61415"}],"wp:term":[{"taxonomy":"category","embeddable":true,"href":"https:\/\/todoapulmon-rafaela.com\/index.php\/wp-json\/wp\/v2\/categories?post=61415"},{"taxonomy":"post_tag","embeddable":true,"href":"https:\/\/todoapulmon-rafaela.com\/index.php\/wp-json\/wp\/v2\/tags?post=61415"}],"curies":[{"name":"wp","href":"https:\/\/api.w.org\/{rel}","templated":true}]}}