{"id":61403,"date":"2025-11-09T02:54:08","date_gmt":"2025-11-09T02:54:08","guid":{"rendered":"https:\/\/todoapulmon-rafaela.com\/?p=61403"},"modified":"2025-11-09T10:13:26","modified_gmt":"2025-11-09T10:13:26","slug":"crar-vivio-una-gran-noche-con-su-primera-carrera-nocturna","status":"publish","type":"post","link":"https:\/\/todoapulmon-rafaela.com\/index.php\/2025\/11\/09\/crar-vivio-una-gran-noche-con-su-primera-carrera-nocturna\/","title":{"rendered":"CRAR vivi\u00f3 una gran noche con su primera Carrera Nocturna"},"content":{"rendered":"<p>Este s\u00e1bado el C\u00edrculo Rafaelino de Rugby organiz\u00f3 su primera Carrera Nocturna en el marco de los festejos por el 50 Aniversario del Seven, que se vivir\u00e1 el pr\u00f3ximo s\u00e1bado 15.<\/p>\n<p>Con 480 inscriptos de una amplia regi\u00f3n, muchos de ellos de reconocido nivel en competencias pedestres en nuestro pa\u00eds, la instituci\u00f3n formaliz\u00f3 el tercer evento dentro de este calendario de festejos y que result\u00f3 un \u00e9xito.<\/p>\n<p>Las competencias de 5 y 10k tuvieron largada y llegada dentro del predio. En la distancia menor, el ganador fue el rafaelino Germ\u00e1n Fern\u00e1ndez, seguido por otro runner de nuestra ciudad, Rodrigo Ghilardi y tercero fue Mauro Bustos.<\/p>\n<p><img loading=\"lazy\" decoding=\"async\" class=\"alignnone size-full wp-image-61405\" src=\"https:\/\/todoapulmon-rafaela.com\/wp-content\/uploads\/2025\/11\/P1590567_resultado.jpg\" alt=\"\" width=\"1600\" height=\"1200\" srcset=\"https:\/\/todoapulmon-rafaela.com\/wp-content\/uploads\/2025\/11\/P1590567_resultado.jpg 1600w, https:\/\/todoapulmon-rafaela.com\/wp-content\/uploads\/2025\/11\/P1590567_resultado-300x225.jpg 300w, https:\/\/todoapulmon-rafaela.com\/wp-content\/uploads\/2025\/11\/P1590567_resultado-1536x1152.jpg 1536w\" sizes=\"(max-width: 1600px) 100vw, 1600px\" \/><\/p>\n<p>En damas, se impuso Mar\u00eda Paula Heinzen, seguida por Jemima Alderete, ambas de nuestra ciudad, y tercera fue Marlina Allasia.<\/p>\n<p>En los 10k el ganador en varones fue Jos\u00e9 Zabala, de Humboldt, segundo Emanuel Asselborn, de Morteros y tercero el lehmennse Benjam\u00edn Castillo Molina.<\/p>\n<p>En damas gan\u00f3 la distancia principal Mar\u00eda Julia V\u00e1zquez, de Reconquista, segunda fue Patricia Ponce, de Esperanza, y tercera Jorgelina Mariotta, de Rafaela.<\/p>\n<p><img loading=\"lazy\" decoding=\"async\" class=\"alignnone size-full wp-image-61406\" src=\"https:\/\/todoapulmon-rafaela.com\/wp-content\/uploads\/2025\/11\/P1590539_resultado.jpg\" alt=\"\" width=\"1600\" height=\"1200\" srcset=\"https:\/\/todoapulmon-rafaela.com\/wp-content\/uploads\/2025\/11\/P1590539_resultado.jpg 1600w, https:\/\/todoapulmon-rafaela.com\/wp-content\/uploads\/2025\/11\/P1590539_resultado-300x225.jpg 300w, https:\/\/todoapulmon-rafaela.com\/wp-content\/uploads\/2025\/11\/P1590539_resultado-1536x1152.jpg 1536w\" sizes=\"(max-width: 1600px) 100vw, 1600px\" \/><\/p>\n<p>Cabe mencionar que Zabala y V\u00e1zquez hab\u00edan ganado los 10k de la Municipalidad de Rafaela en septiembre pasado.<\/p>\n<p>Ma\u00f1ana cuando se den a conocer los resultados oficiales publicaremos los tiempos y los mejores ubicados en la clasificaci\u00f3n general de cada distancia.<\/p>\n","protected":false},"excerpt":{"rendered":"<p>Este s\u00e1bado el C\u00edrculo Rafaelino de Rugby organiz\u00f3 su primera Carrera Nocturna en el marco de los festejos por el<\/p>\n","protected":false},"author":2,"featured_media":61404,"comment_status":"closed","ping_status":"closed","sticky":false,"template":"","format":"standard","meta":{"footnotes":""},"categories":[7,24],"tags":[],"class_list":["post-61403","post","type-post","status-publish","format-standard","has-post-thumbnail","hentry","category-atletismo","category-noticias-destacadas"],"cc_featured_image_caption":{"caption_text":"Germ\u00e1n Fern\u00e1ndez fue primero en los 5k.","source_text":"","source_url":""},"_links":{"self":[{"href":"https:\/\/todoapulmon-rafaela.com\/index.php\/wp-json\/wp\/v2\/posts\/61403"}],"collection":[{"href":"https:\/\/todoapulmon-rafaela.com\/index.php\/wp-json\/wp\/v2\/posts"}],"about":[{"href":"https:\/\/todoapulmon-rafaela.com\/index.php\/wp-json\/wp\/v2\/types\/post"}],"author":[{"embeddable":true,"href":"https:\/\/todoapulmon-rafaela.com\/index.php\/wp-json\/wp\/v2\/users\/2"}],"replies":[{"embeddable":true,"href":"https:\/\/todoapulmon-rafaela.com\/index.php\/wp-json\/wp\/v2\/comments?post=61403"}],"version-history":[{"count":3,"href":"https:\/\/todoapulmon-rafaela.com\/index.php\/wp-json\/wp\/v2\/posts\/61403\/revisions"}],"predecessor-version":[{"id":61409,"href":"https:\/\/todoapulmon-rafaela.com\/index.php\/wp-json\/wp\/v2\/posts\/61403\/revisions\/61409"}],"wp:featuredmedia":[{"embeddable":true,"href":"https:\/\/todoapulmon-rafaela.com\/index.php\/wp-json\/wp\/v2\/media\/61404"}],"wp:attachment":[{"href":"https:\/\/todoapulmon-rafaela.com\/index.php\/wp-json\/wp\/v2\/media?parent=61403"}],"wp:term":[{"taxonomy":"category","embeddable":true,"href":"https:\/\/todoapulmon-rafaela.com\/index.php\/wp-json\/wp\/v2\/categories?post=61403"},{"taxonomy":"post_tag","embeddable":true,"href":"https:\/\/todoapulmon-rafaela.com\/index.php\/wp-json\/wp\/v2\/tags?post=61403"}],"curies":[{"name":"wp","href":"https:\/\/api.w.org\/{rel}","templated":true}]}}