{"id":61263,"date":"2025-11-03T19:04:46","date_gmt":"2025-11-03T19:04:46","guid":{"rendered":"https:\/\/todoapulmon-rafaela.com\/?p=61263"},"modified":"2025-11-03T19:35:38","modified_gmt":"2025-11-03T19:35:38","slug":"con-vivas-y-sin-rubiolo-lesionado-la-lista-de-los-pumas-para-la-ventana-de-noviembre","status":"publish","type":"post","link":"https:\/\/todoapulmon-rafaela.com\/index.php\/2025\/11\/03\/con-vivas-y-sin-rubiolo-lesionado-la-lista-de-los-pumas-para-la-ventana-de-noviembre\/","title":{"rendered":"Con Vivas y sin Rubiolo, lesionado, la lista de Los Pumas para la Ventana de noviembre"},"content":{"rendered":"<p>Los Pumas finalizaron la concentraci\u00f3n de tres d\u00edas en Londres y volver\u00e1n a reencontrarse en Cardiff (Gales), donde preparar\u00e1n lo que ser\u00e1 el primer compromiso de la Ventana internacional de noviembre. Los rivales que enfrentar\u00e1n son Gales, Escocia e Inglaterra, con la particularidad de que los tres partidos ser\u00e1n disputados los d\u00edas domingo.<\/p>\n<p>Felipe Contepomi convoc\u00f3 a 32 jugadores, entre ellos el pilar rafaelino Mayco Vivas. En cambio, por una lesi\u00f3n qued\u00f3 al margen el segunda l\u00ednea Pedro Rubiolo. El tambi\u00e9n forward surgido del CRAR no podr\u00e1 estar en el cierre de la temporada del seleccionado.<\/p>\n<p>Contepomi, head coach de Los Pumas, se refiri\u00f3 al camp de Londres:\u00a0<em>\u201cTuvimos un camp muy bueno, la verdad que siempre es bueno poder reencontrarse. \u00a0Nos sirvi\u00f3 para empezar a preparar el primer partido contra Gales y refrescar y hacer una revisi\u00f3n de lo que fue el Rugby Championship\u201d.<\/em><\/p>\n<p><img loading=\"lazy\" decoding=\"async\" class=\"alignnone size-full wp-image-61265\" src=\"https:\/\/todoapulmon-rafaela.com\/wp-content\/uploads\/2025\/11\/Forwards.jpg\" alt=\"\" width=\"1440\" height=\"1800\" srcset=\"https:\/\/todoapulmon-rafaela.com\/wp-content\/uploads\/2025\/11\/Forwards.jpg 1440w, https:\/\/todoapulmon-rafaela.com\/wp-content\/uploads\/2025\/11\/Forwards-240x300.jpg 240w, https:\/\/todoapulmon-rafaela.com\/wp-content\/uploads\/2025\/11\/Forwards-1200x1500.jpg 1200w, https:\/\/todoapulmon-rafaela.com\/wp-content\/uploads\/2025\/11\/Forwards-1229x1536.jpg 1229w\" sizes=\"(max-width: 1440px) 100vw, 1440px\" \/><\/p>\n<p>A su vez, coment\u00f3 sobre los tres compromisos en el reino unido:\u00a0<em>\u201cLa ventana de noviembre trae un desaf\u00edo enorme el cual estamos esperando con muchas ganas porque es la oportunidad de jugar en tres estadios emblem\u00e1ticos, colmados, contra tres rivales hist\u00f3ricos como lo son Gales, Escocia e Inglaterra. Creo que es una oportunidad que tenemos que valorar, aprovechar, y a la vez me parece que trae desaf\u00edos porque sabemos que en oto\u00f1o las condiciones clim\u00e1ticas por estos lados son distintas a las que nosotros estamos acostumbrados a jugar en el hemisferio sur y la verdad que eso va a traer un desaf\u00edo lindo para poder ver como nos adaptamos y c\u00f3mo utilizamos esas condiciones de la mejor manera. Es una linda oportunidad que estamos mirando hacia adelante para poder tomarla\u201d.<\/em><\/p>\n<p>A continuaci\u00f3n, los 32 convocados:<\/p>\n<p>Forwards<\/p>\n<p><strong>ALEMANNO<\/strong>, Mat\u00edas<\/p>\n<p><strong>CORIA MARCHETTI<\/strong>, Francisco<\/p>\n<p><strong>DELGADO<\/strong>, Pedro<\/p>\n<p><strong>EL\u00cdAS<\/strong>, Efra\u00edn<\/p>\n<p><strong>GALLO<\/strong>, Thomas<\/p>\n<p><strong>GONZ\u00c1LEZ<\/strong>, Juan Mart\u00edn<\/p>\n<p><strong>GRONDONA<\/strong>, Santiago<\/p>\n<p><strong>KREMER<\/strong>, Marcos<\/p>\n<p><strong>MATERA<\/strong>, Pablo<\/p>\n<p><strong>MONTOYA<\/strong>, Juli\u00e1n<\/p>\n<p><strong>OVIEDO<\/strong>, Joaqu\u00edn<\/p>\n<p><strong>PEDEMONTE<\/strong>, Bautista<\/p>\n<p><strong>PETTI<\/strong>, Guido<\/p>\n<p><strong>RAPETTI<\/strong>, Tom\u00e1s<\/p>\n<p><strong>RUIZ<\/strong>, Ignacio<\/p>\n<p><strong>VIVAS<\/strong>, Mayco<\/p>\n<p><strong>WENGER<\/strong>, Boris<\/p>\n<p>Backs<\/p>\n<p><strong>BEN\u00cdTEZ CRUZ<\/strong>, Sim\u00f3n<\/p>\n<p><strong>BERTRANOU<\/strong>, Gonzalo<\/p>\n<p><strong>CARRERAS<\/strong>, Mateo<\/p>\n<p><strong>CARRERAS<\/strong>, Santiago<\/p>\n<p><strong>CHOCOBARES<\/strong>, Santiago<\/p>\n<p><strong>DELGUY<\/strong>, Bautista<\/p>\n<p><strong>ELIZALDE<\/strong>, Benjam\u00edn<\/p>\n<p><strong>ISGR\u00d3<\/strong>, Rodrigo<\/p>\n<p><strong>MALL\u00cdA<\/strong>, Juan Cruz<\/p>\n<p><strong>MENDY<\/strong>, Ignacio<\/p>\n<p><strong>MORONI<\/strong>, Mat\u00edas<\/p>\n<p><strong>MOYANO<\/strong>, Agust\u00edn<\/p>\n<p><strong>PICCARDO<\/strong>, Justo<\/p>\n<p><strong>PRISCIANTELLI<\/strong>, Ger\u00f3nimo<\/p>\n<p><strong>ROGER<\/strong>, Nicol\u00e1s.<\/p>\n<p><strong>LOS TRES PARTIDOS<\/strong><\/p>\n<ul class=\"wp-block-list\">\n<li>Vs Gales, domingo 9 de noviembre desde las 12:10 horas en Cardiff (Principality Stadium).<\/li>\n<li>Vs Escocia, domingo 16 de noviembre desde las 12:10 horas en Edimburgo (Murrayfield Stadium).<\/li>\n<li>Vs Inglaterra, domingo 23 de noviembre desde las 13:10 horas en Londres (Twickenham).<\/li>\n<\/ul>\n","protected":false},"excerpt":{"rendered":"<p>Los Pumas finalizaron la concentraci\u00f3n de tres d\u00edas en Londres y volver\u00e1n a reencontrarse en Cardiff (Gales), donde preparar\u00e1n lo<\/p>\n","protected":false},"author":2,"featured_media":61269,"comment_status":"closed","ping_status":"closed","sticky":false,"template":"","format":"standard","meta":{"footnotes":""},"categories":[24,2],"tags":[],"class_list":["post-61263","post","type-post","status-publish","format-standard","has-post-thumbnail","hentry","category-noticias-destacadas","category-rugby"],"cc_featured_image_caption":{"caption_text":"Mayco Vivas en el gimnasio durante el Camp en Londres (foto UAR).","source_text":"","source_url":""},"_links":{"self":[{"href":"https:\/\/todoapulmon-rafaela.com\/index.php\/wp-json\/wp\/v2\/posts\/61263"}],"collection":[{"href":"https:\/\/todoapulmon-rafaela.com\/index.php\/wp-json\/wp\/v2\/posts"}],"about":[{"href":"https:\/\/todoapulmon-rafaela.com\/index.php\/wp-json\/wp\/v2\/types\/post"}],"author":[{"embeddable":true,"href":"https:\/\/todoapulmon-rafaela.com\/index.php\/wp-json\/wp\/v2\/users\/2"}],"replies":[{"embeddable":true,"href":"https:\/\/todoapulmon-rafaela.com\/index.php\/wp-json\/wp\/v2\/comments?post=61263"}],"version-history":[{"count":1,"href":"https:\/\/todoapulmon-rafaela.com\/index.php\/wp-json\/wp\/v2\/posts\/61263\/revisions"}],"predecessor-version":[{"id":61266,"href":"https:\/\/todoapulmon-rafaela.com\/index.php\/wp-json\/wp\/v2\/posts\/61263\/revisions\/61266"}],"wp:featuredmedia":[{"embeddable":true,"href":"https:\/\/todoapulmon-rafaela.com\/index.php\/wp-json\/wp\/v2\/media\/61269"}],"wp:attachment":[{"href":"https:\/\/todoapulmon-rafaela.com\/index.php\/wp-json\/wp\/v2\/media?parent=61263"}],"wp:term":[{"taxonomy":"category","embeddable":true,"href":"https:\/\/todoapulmon-rafaela.com\/index.php\/wp-json\/wp\/v2\/categories?post=61263"},{"taxonomy":"post_tag","embeddable":true,"href":"https:\/\/todoapulmon-rafaela.com\/index.php\/wp-json\/wp\/v2\/tags?post=61263"}],"curies":[{"name":"wp","href":"https:\/\/api.w.org\/{rel}","templated":true}]}}