{"id":6123,"date":"2017-04-28T03:02:57","date_gmt":"2017-04-28T03:02:57","guid":{"rendered":"http:\/\/todoapulmon-rafaela.com\/?p=6123"},"modified":"2017-04-28T03:02:57","modified_gmt":"2017-04-28T03:02:57","slug":"crar-inauguro-el-gimnasio-en-la-previa-al-comienzo-del-trl","status":"publish","type":"post","link":"https:\/\/todoapulmon-rafaela.com\/index.php\/2017\/04\/28\/crar-inauguro-el-gimnasio-en-la-previa-al-comienzo-del-trl\/","title":{"rendered":"CRAR inaugur\u00f3 el gimnasio en la previa al comienzo del TRL"},"content":{"rendered":"<p>El C\u00edrculo Rafaelino de Rugby realiz\u00f3 anoche una conferencia de prensa con motivo de la inauguraci\u00f3n del gimnasio ubicado en el predio del Club, como as\u00ed tambi\u00e9n para referirse a las expectativas previas al comienzo del Torneo Regional del Litoral, entre otros aspectos de la realidad deportiva de la instituci\u00f3n.<br \/>\nEl presidente Alejandro Brasca expres\u00f3 \u00abestamos muy contentos, festejando los 36 a\u00f1os del club con la inauguraci\u00f3n del gimnasio, con un Pumita que va a jugar el Mundial como Mayco Vivas, con chicos en el seleccionado juvenil de rugby, con chicas que mantuvieron la categor\u00eda en hockey, con juveniles de rugby y hockey en concentraciones para los Juegos Ol\u00edmpicos de la Juventud, la verdad que esto no hace mas que fortalecer lo que estamos haciendo\u00bb.<br \/>\nBrasca, en cuanto al gimnasio, destac\u00f3 que \u00abes una obra que se gest\u00f3 en la Comisi\u00f3n Directiva anterior a cargo de Ignacio Salari y que con el esfuerzo de todos se pudo llevar adelante\u00bb.<br \/>\nEl capit\u00e1n general del Club, Andr\u00e9s Sorisio, expres\u00f3 que \u00abcuenta con todo lo que baja la UAR en cuanto a la forma de lineamientos para el entrenamiento y un gran avance para nosotros. Son trabajos muy din\u00e1micos que llevan adelante los profesores y es una buena noticia que podamos tenerlo en el Club\u00bb.<br \/>\nDurante la conferencia, en la que tambi\u00e9n brindaron apreciaciones los dirigentes Diego Rivas, Mariano Acastello (rugby) y Cecilia Ternengo (hockey), se anunci\u00f3 adem\u00e1s una nueva visita a la ciudad de Nando Parrado, uno de los sobrevivientes de la tragedia de Los Andes, para brindar una charla motivacional, con la organizaci\u00f3n del Club.<br \/>\nDel mismo modo, se record\u00f3 que el 7 de mayo se realizar\u00e1 el tradicional almuerzo aniversario y que se encuentran a la venta en el Club, y en otros dos locales comerciales de la ciudad, las entradas para el test match de Los Pumas e Inglaterra, a jugarse en junio en Col\u00f3n de Santa Fe.<br \/>\nEn cuanto al comienzo del TRL, este s\u00e1bado recibiendo a Los Caranchos, Brasca recalc\u00f3 que \u00abel objetivo es el ascenso. Estamos con un poco de ansiedad, pero confiamos en que las cosas van a salir de acuerdo a lo esperado\u00bb.<\/p>\n<p>Cabe mencionar que el gimnasio es utilizado tanto por los jugadores de rugby como de hockey, apuntando b\u00e1sicamente desde las categor\u00edas formativas para achicar la brecha con los clubes m\u00e1s importantes a nivel provincial.<\/p>\n<p>En tanto, Diego Rivas recalc\u00f3 tambi\u00e9n que este s\u00e1bado jugar\u00e1 la final del Apertura de divisiones juveniles la categor\u00eda M15 recibiendo a Santa Fe Rugby, y que los juveniles que disputaron el torneo Argentino con la USR ya est\u00e1n incorporados nuevamente al Club para afrontar el calendario que tendr\u00e1 continuidad con el Dos Orillas.<\/p>\n<figure id=\"attachment_6125\" aria-describedby=\"caption-attachment-6125\" style=\"width: 300px\" class=\"wp-caption alignnone\"><img loading=\"lazy\" decoding=\"async\" class=\"size-medium wp-image-6125\" src=\"http:\/\/todoapulmon-rafaela.com\/wp-content\/uploads\/2017\/04\/Gimnasio-CRAR-300x225.jpg\" alt=\"Parte de los planteles juveniles en el gimnasio.\" width=\"300\" height=\"225\" srcset=\"https:\/\/todoapulmon-rafaela.com\/wp-content\/uploads\/2017\/04\/Gimnasio-CRAR-300x225.jpg 300w, https:\/\/todoapulmon-rafaela.com\/wp-content\/uploads\/2017\/04\/Gimnasio-CRAR-768x576.jpg 768w, https:\/\/todoapulmon-rafaela.com\/wp-content\/uploads\/2017\/04\/Gimnasio-CRAR-1024x768.jpg 1024w, https:\/\/todoapulmon-rafaela.com\/wp-content\/uploads\/2017\/04\/Gimnasio-CRAR.jpg 1280w\" sizes=\"(max-width: 300px) 100vw, 300px\" \/><figcaption id=\"caption-attachment-6125\" class=\"wp-caption-text\">Parte de los planteles juveniles en el gimnasio.<\/figcaption><\/figure>\n","protected":false},"excerpt":{"rendered":"<p>El C\u00edrculo Rafaelino de Rugby realiz\u00f3 anoche una conferencia de prensa con motivo de la inauguraci\u00f3n del gimnasio ubicado en<\/p>\n","protected":false},"author":2,"featured_media":6124,"comment_status":"open","ping_status":"open","sticky":false,"template":"","format":"standard","meta":{"footnotes":""},"categories":[24,2],"tags":[],"class_list":["post-6123","post","type-post","status-publish","format-standard","has-post-thumbnail","hentry","category-noticias-destacadas","category-rugby"],"cc_featured_image_caption":{"caption_text":"La dirigencia de CRAR comunic\u00f3 el feliz presente deportivo e institucional.","source_text":"","source_url":""},"_links":{"self":[{"href":"https:\/\/todoapulmon-rafaela.com\/index.php\/wp-json\/wp\/v2\/posts\/6123"}],"collection":[{"href":"https:\/\/todoapulmon-rafaela.com\/index.php\/wp-json\/wp\/v2\/posts"}],"about":[{"href":"https:\/\/todoapulmon-rafaela.com\/index.php\/wp-json\/wp\/v2\/types\/post"}],"author":[{"embeddable":true,"href":"https:\/\/todoapulmon-rafaela.com\/index.php\/wp-json\/wp\/v2\/users\/2"}],"replies":[{"embeddable":true,"href":"https:\/\/todoapulmon-rafaela.com\/index.php\/wp-json\/wp\/v2\/comments?post=6123"}],"version-history":[{"count":1,"href":"https:\/\/todoapulmon-rafaela.com\/index.php\/wp-json\/wp\/v2\/posts\/6123\/revisions"}],"predecessor-version":[{"id":6126,"href":"https:\/\/todoapulmon-rafaela.com\/index.php\/wp-json\/wp\/v2\/posts\/6123\/revisions\/6126"}],"wp:featuredmedia":[{"embeddable":true,"href":"https:\/\/todoapulmon-rafaela.com\/index.php\/wp-json\/wp\/v2\/media\/6124"}],"wp:attachment":[{"href":"https:\/\/todoapulmon-rafaela.com\/index.php\/wp-json\/wp\/v2\/media?parent=6123"}],"wp:term":[{"taxonomy":"category","embeddable":true,"href":"https:\/\/todoapulmon-rafaela.com\/index.php\/wp-json\/wp\/v2\/categories?post=6123"},{"taxonomy":"post_tag","embeddable":true,"href":"https:\/\/todoapulmon-rafaela.com\/index.php\/wp-json\/wp\/v2\/tags?post=6123"}],"curies":[{"name":"wp","href":"https:\/\/api.w.org\/{rel}","templated":true}]}}