{"id":61140,"date":"2025-10-29T20:12:27","date_gmt":"2025-10-29T20:12:27","guid":{"rendered":"https:\/\/todoapulmon-rafaela.com\/?p=61140"},"modified":"2025-10-29T20:15:16","modified_gmt":"2025-10-29T20:15:16","slug":"agustin-suarez-al-sudamericano-escolar-continuando-un-legado-familiar","status":"publish","type":"post","link":"https:\/\/todoapulmon-rafaela.com\/index.php\/2025\/10\/29\/agustin-suarez-al-sudamericano-escolar-continuando-un-legado-familiar\/","title":{"rendered":"Agust\u00edn Su\u00e1rez al Sudamericano Escolar, continuando un legado familiar"},"content":{"rendered":"<p>Del 30 de noviembre al 7 de diciembre se desarrollar\u00e1n en Asunci\u00f3n los Juegos Sudamericanos Escolares, para la categor\u00eda Sub 14.<\/p>\n<p>En atletismo, uno de los integrantes de la delegaci\u00f3n argentina ser\u00e1 Agust\u00edn Su\u00e1rez. El atleta oriundo de Tacural, que entrena en CRAS de nuestra ciudad con Leandro Bonamino, estar\u00e1 en las pruebas de lanzamiento de martillo y de disco.<\/p>\n<p>La CADA conform\u00f3 el equipo a pedido de la Subsecretar\u00eda de Deportes de la Naci\u00f3n, teniendo en cuenta los resultados del Campeonato Nacional U16, Juegos Nacionales Evita, Juegos Bonaerenses y Campeonatos Provinciales con el criterio t\u00e9cnico de elaborar la delegaci\u00f3n en funci\u00f3n de las 30 plazas asignadas (15 varones \u2013 15 mujeres).<\/p>\n<p>Su\u00e1rez, medalla de bronce en los Evita, tiene como mejor registro 48m 80 en martillo y 36m 10 en disco.<\/p>\n<p><strong>OCHO A\u00d1OS DESPUES<\/strong><\/p>\n<p>Un dato interesante es que Agust\u00edn Su\u00e1rez disputar\u00e1 el mismo torneo que en 2017 tuvo a su hermano Lucas, en en el Hexatl\u00f3n. En esa ocasi\u00f3n de la competencia, desarrollada en Cochabamba (Bolivia), fue quinto con 4.857 puntos.<\/p>\n<p><img loading=\"lazy\" decoding=\"async\" class=\"alignnone size-full wp-image-61142\" src=\"https:\/\/todoapulmon-rafaela.com\/wp-content\/uploads\/2025\/10\/Suarez-CRAS.jpg\" alt=\"\" width=\"960\" height=\"490\" srcset=\"https:\/\/todoapulmon-rafaela.com\/wp-content\/uploads\/2025\/10\/Suarez-CRAS.jpg 960w, https:\/\/todoapulmon-rafaela.com\/wp-content\/uploads\/2025\/10\/Suarez-CRAS-300x153.jpg 300w\" sizes=\"(max-width: 960px) 100vw, 960px\" \/><\/p>\n<p><a href=\"https:\/\/todoapulmon-rafaela.com\/index.php\/2017\/12\/08\/lucas-suarez-fue-quinto-en-el-hexatlon\/\">https:\/\/todoapulmon-rafaela.com\/index.php\/2017\/12\/08\/lucas-suarez-fue-quinto-en-el-hexatlon\/<\/a><\/p>\n<p>Carolina, hermana de ambos, tambi\u00e9n practic\u00f3 atletismo con buenas performances en marcha.<\/p>\n<p><strong>TACURAL, CASI TIENE DOBLETE<\/strong><\/p>\n<p>Cabe acotar que hace algunos d\u00edas se hab\u00eda dado a conocer por parte de la Confederaci\u00f3n Argentina de Deportes Acu\u00e1ticos el equipo de nataci\u00f3n para los Juegos Suramericanos Escolares en Paraguay, con la inclusi\u00f3n de Esmeralda Fler, nadadora de Tacural que representa a Uni\u00f3n de Sunchales. Pero esta semana se inform\u00f3 que la Subsecretar\u00eda de Deportes de la Naci\u00f3n determin\u00f3 que la CADDA conforme el equipo en funci\u00f3n de los deportistas que participaron en los Evita, con lo cual Esmeralda Fler no estar\u00e1 en Asunci\u00f3n.<\/p>\n","protected":false},"excerpt":{"rendered":"<p>Del 30 de noviembre al 7 de diciembre se desarrollar\u00e1n en Asunci\u00f3n los Juegos Sudamericanos Escolares, para la categor\u00eda Sub<\/p>\n","protected":false},"author":2,"featured_media":60405,"comment_status":"closed","ping_status":"closed","sticky":false,"template":"","format":"standard","meta":{"footnotes":""},"categories":[7,24],"tags":[],"class_list":["post-61140","post","type-post","status-publish","format-standard","has-post-thumbnail","hentry","category-atletismo","category-noticias-destacadas"],"cc_featured_image_caption":{"caption_text":"","source_text":"","source_url":""},"_links":{"self":[{"href":"https:\/\/todoapulmon-rafaela.com\/index.php\/wp-json\/wp\/v2\/posts\/61140"}],"collection":[{"href":"https:\/\/todoapulmon-rafaela.com\/index.php\/wp-json\/wp\/v2\/posts"}],"about":[{"href":"https:\/\/todoapulmon-rafaela.com\/index.php\/wp-json\/wp\/v2\/types\/post"}],"author":[{"embeddable":true,"href":"https:\/\/todoapulmon-rafaela.com\/index.php\/wp-json\/wp\/v2\/users\/2"}],"replies":[{"embeddable":true,"href":"https:\/\/todoapulmon-rafaela.com\/index.php\/wp-json\/wp\/v2\/comments?post=61140"}],"version-history":[{"count":3,"href":"https:\/\/todoapulmon-rafaela.com\/index.php\/wp-json\/wp\/v2\/posts\/61140\/revisions"}],"predecessor-version":[{"id":61145,"href":"https:\/\/todoapulmon-rafaela.com\/index.php\/wp-json\/wp\/v2\/posts\/61140\/revisions\/61145"}],"wp:featuredmedia":[{"embeddable":true,"href":"https:\/\/todoapulmon-rafaela.com\/index.php\/wp-json\/wp\/v2\/media\/60405"}],"wp:attachment":[{"href":"https:\/\/todoapulmon-rafaela.com\/index.php\/wp-json\/wp\/v2\/media?parent=61140"}],"wp:term":[{"taxonomy":"category","embeddable":true,"href":"https:\/\/todoapulmon-rafaela.com\/index.php\/wp-json\/wp\/v2\/categories?post=61140"},{"taxonomy":"post_tag","embeddable":true,"href":"https:\/\/todoapulmon-rafaela.com\/index.php\/wp-json\/wp\/v2\/tags?post=61140"}],"curies":[{"name":"wp","href":"https:\/\/api.w.org\/{rel}","templated":true}]}}