{"id":61011,"date":"2025-10-24T21:20:25","date_gmt":"2025-10-24T21:20:25","guid":{"rendered":"https:\/\/todoapulmon-rafaela.com\/?p=61011"},"modified":"2025-10-24T21:20:25","modified_gmt":"2025-10-24T21:20:25","slug":"el-mensaje-de-coco-oderigo-en-rafaela","status":"publish","type":"post","link":"https:\/\/todoapulmon-rafaela.com\/index.php\/2025\/10\/24\/el-mensaje-de-coco-oderigo-en-rafaela\/","title":{"rendered":"El mensaje de \u00abCoco\u00bb Oderigo en Rafaela"},"content":{"rendered":"<p>Este viernes por la tarde se realiz\u00f3 una conferencia de prensa en el Hotel Parra con la presencia de Eduardo \u00abCoco\u00bb Oderigo, que arrib\u00f3 a nuestra ciudad para brindar por la noche una charla en el marco de los eventos organizados por el C\u00edrculo Rafaelino de Rugby dentro de los festejos por el 50 aniversario del Seven que se realizar\u00e1 el 29 de noviembre.<\/p>\n<p>El co-fundador del programa Los Espartanos, que brega por la reinserci\u00f3n de los detenidos en las c\u00e1rceles, dialog\u00f3 con los medios sobre algunos aspectos de esta iniciativa surgida a fines de 2008 y que ha traspasado las fronteras, llegando inclusive hasta Africa.<\/p>\n<p>Luego de la presentaci\u00f3n del presidente de la entidad, Leonardo Crosetti y de uno de los integrantes de la Comisi\u00f3n Especial de festejos, Maximiliano Bertholt, Oderigo expres\u00f3 que \u00abes un placer ser parte de este gran evento, ojal\u00e1 pueda transmitir algo que estamos haciendo hace muchos a\u00f1os dentro de las c\u00e1rceles y que pueda movilizar a m\u00e1s de uno a hacer algo mas de lo que hace hoy en d\u00eda\u00bb.<\/p>\n<p>Coco, como le gusta que lo llamen, es abogado y cont\u00f3 que en los primeros tiempos la poblaci\u00f3n carcelaria naturalmente lo ve\u00eda con desconfianza al llegar a las unidades carcelarias. Es m\u00e1s, muchos lo atend\u00edan inicialmente pensando en que pod\u00eda solucionarles sus causas.<\/p>\n<p>Con mucha perseverancia, logr\u00f3 \u00abentrarles\u00bb con el rugby, aunque para esperar resultados se tard\u00f3 mucho m\u00e1s. \u00abPor ah\u00ed bajaban los \u00edndices de violencia interna, eso es lo primero que se vio. Luego para ver personas que sal\u00edan en libertad y no reincidian, cost\u00f3 bastante. Personas que estaban adentro con adicciones, con cero valor y afuera ten\u00edan amigos de antes que los esperaban, no era nada f\u00e1cil. No era solo ir a la c\u00e1rcel, sino saber lo que hac\u00edan despu\u00e9s, por eso los resultados en principio no eran muy buenos. Pero no nos movilizaba el resultado final, sino hacer algo por alguien\u00bb, explic\u00f3 quien empez\u00f3 con su proyecto en San Mart\u00edn, Buenos Aires, para luego extenderlo a siete provincias argentinas y siete pa\u00edses, incluyendo Kenia.<\/p>\n<p>Oderigo destac\u00f3 que \u00aben la c\u00e1rcel se entrena igual que en un club\u00bb, y de hecho Los Espartanos tienen un equipo en la \u00faltima categor\u00eda de la URBA, aunque a la espera de su afianzamiento todav\u00eda no tienen una cancha propia. En el mismo juegan quienes ya cumplieron sus condenas o tienen libertad condicional.<\/p>\n<p>Consultado por alguna an\u00e9cdota que lo haya marcado en todos estos a\u00f1os, nos cont\u00f3 una sobre un preso llamado Carlitos. \u00abEn una pr\u00e1ctica cuando atacaba pis\u00f3 la raya y se lo marqu\u00e9. El me lo negaba, hasta que me reconoci\u00f3 que hab\u00eda mentido en eso. Y con el paso de los d\u00edas ya no fue mintiendo en distintas cosas de la vida diaria, gracias a ese punto de partida con la jugada en el rugby\u00bb, mientras que por el lado no tan grato record\u00f3 que \u00abun d\u00eda ellos me invitaron a jugar un partido de f\u00fatbol. La cosa termin\u00f3 mal, se pelearon todos feo\u00bb, marcando los claros contrastes.<\/p>\n<p>Es m\u00e1s mencion\u00f3 que un d\u00eda un recluso le reconoci\u00f3 que \u00abdespu\u00e9s de tacklear durante una hora y media en el entrenamiento, se hab\u00eda sacado de encima &#8216;dos a\u00f1os de odio'\u00bb.<\/p>\n<p>&nbsp;<\/p>\n","protected":false},"excerpt":{"rendered":"<p>Este viernes por la tarde se realiz\u00f3 una conferencia de prensa en el Hotel Parra con la presencia de Eduardo<\/p>\n","protected":false},"author":2,"featured_media":61013,"comment_status":"closed","ping_status":"closed","sticky":false,"template":"","format":"standard","meta":{"footnotes":""},"categories":[24,2],"tags":[],"class_list":["post-61011","post","type-post","status-publish","format-standard","has-post-thumbnail","hentry","category-noticias-destacadas","category-rugby"],"cc_featured_image_caption":{"caption_text":"","source_text":"","source_url":""},"_links":{"self":[{"href":"https:\/\/todoapulmon-rafaela.com\/index.php\/wp-json\/wp\/v2\/posts\/61011"}],"collection":[{"href":"https:\/\/todoapulmon-rafaela.com\/index.php\/wp-json\/wp\/v2\/posts"}],"about":[{"href":"https:\/\/todoapulmon-rafaela.com\/index.php\/wp-json\/wp\/v2\/types\/post"}],"author":[{"embeddable":true,"href":"https:\/\/todoapulmon-rafaela.com\/index.php\/wp-json\/wp\/v2\/users\/2"}],"replies":[{"embeddable":true,"href":"https:\/\/todoapulmon-rafaela.com\/index.php\/wp-json\/wp\/v2\/comments?post=61011"}],"version-history":[{"count":1,"href":"https:\/\/todoapulmon-rafaela.com\/index.php\/wp-json\/wp\/v2\/posts\/61011\/revisions"}],"predecessor-version":[{"id":61012,"href":"https:\/\/todoapulmon-rafaela.com\/index.php\/wp-json\/wp\/v2\/posts\/61011\/revisions\/61012"}],"wp:featuredmedia":[{"embeddable":true,"href":"https:\/\/todoapulmon-rafaela.com\/index.php\/wp-json\/wp\/v2\/media\/61013"}],"wp:attachment":[{"href":"https:\/\/todoapulmon-rafaela.com\/index.php\/wp-json\/wp\/v2\/media?parent=61011"}],"wp:term":[{"taxonomy":"category","embeddable":true,"href":"https:\/\/todoapulmon-rafaela.com\/index.php\/wp-json\/wp\/v2\/categories?post=61011"},{"taxonomy":"post_tag","embeddable":true,"href":"https:\/\/todoapulmon-rafaela.com\/index.php\/wp-json\/wp\/v2\/tags?post=61011"}],"curies":[{"name":"wp","href":"https:\/\/api.w.org\/{rel}","templated":true}]}}