{"id":60971,"date":"2025-10-21T21:07:36","date_gmt":"2025-10-21T21:07:36","guid":{"rendered":"https:\/\/todoapulmon-rafaela.com\/?p=60971"},"modified":"2025-10-21T21:07:36","modified_gmt":"2025-10-21T21:07:36","slug":"los-pumas-con-vivas-y-rubiolo-concentraran-en-londres","status":"publish","type":"post","link":"https:\/\/todoapulmon-rafaela.com\/index.php\/2025\/10\/21\/los-pumas-con-vivas-y-rubiolo-concentraran-en-londres\/","title":{"rendered":"Los Pumas, con Vivas y Rubiolo, concentrar\u00e1n en Londres"},"content":{"rendered":"<p>A menos de un mes de finalizar el Rugby Championship, Los Pumas se reunir\u00e1n en Londres del 27 al 29 de octubre, en una concentraci\u00f3n que servir\u00e1 para preparar la Ventana de Noviembre. Para este Camp fueron convocados 34 jugadores, con los rafaelinos Mayco Vivas y Pedro Rubiolo, mientras que la lista para los partidos de la ventana se conocer\u00e1 una vez finalizada la preparaci\u00f3n en la capital inglesa.<\/p>\n<p>El seleccionado nacional disputar\u00e1 tres partidos en la ventana internacional:<\/p>\n<ul class=\"wp-block-list\">\n<li>Vs Gales, domingo 9 de noviembre desde las 12:10 horas en Cardiff (Principality Stadium)<\/li>\n<li>Vs Escocia, domingo 16 de noviembre desde las 12:10 horas en Edimburgo (Murrayfield Stadium)<\/li>\n<li>Vs Inglaterra, domingo 23 de noviembre desde las 13:10 horas en Londres (Twickenham).De los 34 jugadores, se destaca el regreso de Mat\u00edas Alemanno, quien recibi\u00f3 su primera convocatoria del a\u00f1o. El experimentado segunda l\u00ednea cordob\u00e9s, quien posee 98 caps con el seleccionado, no juega desde noviembre de 2024, cuando Los Pumas vencieron a Italia por 50-18 en \u00dadine.\n<p>Otros que regresan son Thomas Gallo, ya recuperado de su lesi\u00f3n, y Efra\u00edn El\u00edas, quien hab\u00eda tenido su \u00faltima convocatoria en el Camp de Marzo y no disput\u00f3 partidos con Los Pumas este a\u00f1o.<\/p>\n<p>No podr\u00e1n ser tenidos en cuenta Tom\u00e1s Albornoz, Gonzalo Garc\u00eda y Joel Sclavi, quienes contin\u00faan recuper\u00e1ndose de sus respectivas lesiones.<\/p>\n<p>Felipe Contepomi, head coach de Los Pumas, coment\u00f3 la importancia de esta concentraci\u00f3n en Londres: \u201cPasaron pocas semanas desde que finalizamos el VISA Macro Rugby Championship y los jugadores volvieron a sus clubes, pero sin dudas creemos que estos d\u00edas sirvieron mucho para recargar energ\u00edas. Llega el momento de encarar la \u00faltima parte del a\u00f1o y es importante que el equipo llegue bien f\u00edsica y mentalmente. Esta concentraci\u00f3n de tres d\u00edas en Londres nos permitir\u00e1 reencontrarnos con el grupo y ponernos a trabajar en lo que ser\u00e1 una exigente Ventana de Noviembre. Tenemos el desaf\u00edo de retomar en donde dejamos y de seguir construyendo como equipo\u201d.<\/p>\n<p>A continuaci\u00f3n, los convocados para la concentraci\u00f3n de tres d\u00edas en Londres:<\/p>\n<p>Forwards<\/p>\n<p><strong>ALEMANNO<\/strong>, Mat\u00edas<\/p>\n<p><strong>CORIA MARCHETTI<\/strong>, Francisco<\/p>\n<p><strong>DELGADO<\/strong>, Pedro<\/p>\n<p><strong>EL\u00cdAS<\/strong>, Efra\u00edn<\/p>\n<p><strong>GALLO<\/strong>, Thomas<\/p>\n<p><strong>GONZ\u00c1LEZ<\/strong>, Juan Mart\u00edn<\/p>\n<p><strong>GRONDONA<\/strong>, Benjam\u00edn<\/p>\n<p><strong>GRONDONA<\/strong>, Santiago<\/p>\n<p><strong>KREMER<\/strong>, Marcos<\/p>\n<p><strong>MATERA<\/strong>, Pablo<\/p>\n<p><strong>MOLINA<\/strong>, Franco<\/p>\n<p><strong>MONTOYA<\/strong>, Juli\u00e1n<\/p>\n<p><strong>OVIEDO<\/strong>, Joaqu\u00edn<\/p>\n<p><strong>PETTI<\/strong>, Guido<\/p>\n<p><strong>RAPETTI<\/strong>, Tom\u00e1s<\/p>\n<p><strong>RUBIOLO<\/strong>, Pedro<\/p>\n<p><strong>RUIZ<\/strong>, Ignacio<\/p>\n<p><strong>VIVAS<\/strong>, Mayco<\/p>\n<p><strong>WENGER<\/strong>, Boris<\/p>\n<p>Backs<\/p>\n<p><strong>BEN\u00cdTEZ CRUZ<\/strong>, Sim\u00f3n<\/p>\n<p><strong>BERTRANOU<\/strong>, Gonzalo<\/p>\n<p><strong>CARRERAS<\/strong>, Mateo<\/p>\n<p><strong>CARRERAS<\/strong>, Santiago<\/p>\n<p><strong>CHOCOBARES<\/strong>, Santiago<\/p>\n<p><strong>CINTI<\/strong>, Lucio<\/p>\n<p><strong>DELGUY<\/strong>, Bautista<\/p>\n<p><strong>ELIZALDE<\/strong>, Benjam\u00edn<\/p>\n<p><strong>ISGR\u00d3<\/strong>, Rodrigo<\/p>\n<p><strong>MALL\u00cdA<\/strong>, Juan Cruz<\/p>\n<p><strong>MENDY<\/strong>, Ignacio<\/p>\n<p><strong>MOYANO<\/strong>, Agust\u00edn<\/p>\n<p><strong>PICCARDO<\/strong>, Justo<\/p>\n<p><strong>PRISCIANTELLI<\/strong>, Ger\u00f3nimo<\/p>\n<p><strong>ROGER<\/strong>, Nicol\u00e1s.<\/li>\n<\/ul>\n","protected":false},"excerpt":{"rendered":"<p>A menos de un mes de finalizar el Rugby Championship, Los Pumas se reunir\u00e1n en Londres del 27 al 29<\/p>\n","protected":false},"author":2,"featured_media":60972,"comment_status":"closed","ping_status":"closed","sticky":false,"template":"","format":"standard","meta":{"footnotes":""},"categories":[24,2],"tags":[],"class_list":["post-60971","post","type-post","status-publish","format-standard","has-post-thumbnail","hentry","category-noticias-destacadas","category-rugby"],"cc_featured_image_caption":{"caption_text":"","source_text":"","source_url":""},"_links":{"self":[{"href":"https:\/\/todoapulmon-rafaela.com\/index.php\/wp-json\/wp\/v2\/posts\/60971"}],"collection":[{"href":"https:\/\/todoapulmon-rafaela.com\/index.php\/wp-json\/wp\/v2\/posts"}],"about":[{"href":"https:\/\/todoapulmon-rafaela.com\/index.php\/wp-json\/wp\/v2\/types\/post"}],"author":[{"embeddable":true,"href":"https:\/\/todoapulmon-rafaela.com\/index.php\/wp-json\/wp\/v2\/users\/2"}],"replies":[{"embeddable":true,"href":"https:\/\/todoapulmon-rafaela.com\/index.php\/wp-json\/wp\/v2\/comments?post=60971"}],"version-history":[{"count":1,"href":"https:\/\/todoapulmon-rafaela.com\/index.php\/wp-json\/wp\/v2\/posts\/60971\/revisions"}],"predecessor-version":[{"id":60973,"href":"https:\/\/todoapulmon-rafaela.com\/index.php\/wp-json\/wp\/v2\/posts\/60971\/revisions\/60973"}],"wp:featuredmedia":[{"embeddable":true,"href":"https:\/\/todoapulmon-rafaela.com\/index.php\/wp-json\/wp\/v2\/media\/60972"}],"wp:attachment":[{"href":"https:\/\/todoapulmon-rafaela.com\/index.php\/wp-json\/wp\/v2\/media?parent=60971"}],"wp:term":[{"taxonomy":"category","embeddable":true,"href":"https:\/\/todoapulmon-rafaela.com\/index.php\/wp-json\/wp\/v2\/categories?post=60971"},{"taxonomy":"post_tag","embeddable":true,"href":"https:\/\/todoapulmon-rafaela.com\/index.php\/wp-json\/wp\/v2\/tags?post=60971"}],"curies":[{"name":"wp","href":"https:\/\/api.w.org\/{rel}","templated":true}]}}