{"id":60963,"date":"2025-10-21T16:59:28","date_gmt":"2025-10-21T16:59:28","guid":{"rendered":"https:\/\/todoapulmon-rafaela.com\/?p=60963"},"modified":"2025-10-21T16:59:28","modified_gmt":"2025-10-21T16:59:28","slug":"bicicleteada-primaveral-por-las-calles-de-rafaela","status":"publish","type":"post","link":"https:\/\/todoapulmon-rafaela.com\/index.php\/2025\/10\/21\/bicicleteada-primaveral-por-las-calles-de-rafaela\/","title":{"rendered":"Bicicleteada primaveral por las calles de Rafaela"},"content":{"rendered":"<div>En el contexto de los festejos por los 144 a\u00f1os de Rafaela, y gracias al inter\u00e9s y participaci\u00f3n ciudadana, el Gobierno local contin\u00faa llevando adelante bicicleteadas por las calles de la ciudad, con el objetivo de fomentar la movilidad activa, la actividad f\u00edsica y el cuidado de la salud; transitando y disfrutando de las ciclov\u00edas y ciclocarriles de la ciudad.<\/div>\n<div><\/div>\n<div>Es la cuarta que se realiza en el a\u00f1o, aprovechando el clima y la \u00e9poca, y se llevar\u00e1 adelante el jueves 23 de octubre a partir de las 20:30 horas, con salida y llegada en la Plaza 25 de Mayo (Moreno 8, frente al palacio municipal).<\/div>\n<div><\/div>\n<div>La propuesta tendr\u00e1 una duraci\u00f3n de una hora aproximadamente y se realizar\u00e1 a ritmo moderado para que pueda participar toda la familia. Se recorren 9 kil\u00f3metros aproximadamente, acompa\u00f1ados por el grupo Los Picantes.<\/div>\n<div><\/div>\n<div>Algunas de las calles incluidas en el recorrido son: Bv. Santa Fe, Salta, Arist\u00f3bulo del Valle, Liniers, Roque S\u00e1enz Pe\u00f1a, 1ero de Mayo, Agust\u00ecn \u00c1lvarez, Bv. Guillermo Lehmann, Luis Maggi, Ayacucho, Av. Ernesto Salva, Avanthay, retornando por Bv. Pte. Julio Roca hasta la Plaza 25 de Mayo.<\/div>\n<div><\/div>\n<div>Al final del trayecto habr\u00e1 una clase de estiramiento y los habituales sorteos, gracias a la colaboraci\u00f3n de las bicicleter\u00edas Delma y Peretti.<\/div>\n<div><\/div>\n<div>El evento es organizado por el Instituto para el Desarrollo Sustentable, junto a la Subsecretar\u00eda de Deportes de la Municipalidad de Rafaela. El mismo es de car\u00e1cter gratuito y no requiere inscripci\u00f3n previa.<\/div>\n<div><\/div>\n<div>La actividad es un plan ideal para quienes quieren disfrutar de la actividad f\u00edsica, al aire libre y la buena compa\u00f1\u00eda. Es fundamental que los participantes lleven botellas de agua y repelente.<\/div>\n","protected":false},"excerpt":{"rendered":"<p>En el contexto de los festejos por los 144 a\u00f1os de Rafaela, y gracias al inter\u00e9s y participaci\u00f3n ciudadana, el<\/p>\n","protected":false},"author":2,"featured_media":60964,"comment_status":"closed","ping_status":"closed","sticky":false,"template":"","format":"standard","meta":{"footnotes":""},"categories":[24],"tags":[],"class_list":["post-60963","post","type-post","status-publish","format-standard","has-post-thumbnail","hentry","category-noticias-destacadas"],"cc_featured_image_caption":{"caption_text":"FOTO PRENSA MUNICIPALIDAD ","source_text":"","source_url":""},"_links":{"self":[{"href":"https:\/\/todoapulmon-rafaela.com\/index.php\/wp-json\/wp\/v2\/posts\/60963"}],"collection":[{"href":"https:\/\/todoapulmon-rafaela.com\/index.php\/wp-json\/wp\/v2\/posts"}],"about":[{"href":"https:\/\/todoapulmon-rafaela.com\/index.php\/wp-json\/wp\/v2\/types\/post"}],"author":[{"embeddable":true,"href":"https:\/\/todoapulmon-rafaela.com\/index.php\/wp-json\/wp\/v2\/users\/2"}],"replies":[{"embeddable":true,"href":"https:\/\/todoapulmon-rafaela.com\/index.php\/wp-json\/wp\/v2\/comments?post=60963"}],"version-history":[{"count":1,"href":"https:\/\/todoapulmon-rafaela.com\/index.php\/wp-json\/wp\/v2\/posts\/60963\/revisions"}],"predecessor-version":[{"id":60965,"href":"https:\/\/todoapulmon-rafaela.com\/index.php\/wp-json\/wp\/v2\/posts\/60963\/revisions\/60965"}],"wp:featuredmedia":[{"embeddable":true,"href":"https:\/\/todoapulmon-rafaela.com\/index.php\/wp-json\/wp\/v2\/media\/60964"}],"wp:attachment":[{"href":"https:\/\/todoapulmon-rafaela.com\/index.php\/wp-json\/wp\/v2\/media?parent=60963"}],"wp:term":[{"taxonomy":"category","embeddable":true,"href":"https:\/\/todoapulmon-rafaela.com\/index.php\/wp-json\/wp\/v2\/categories?post=60963"},{"taxonomy":"post_tag","embeddable":true,"href":"https:\/\/todoapulmon-rafaela.com\/index.php\/wp-json\/wp\/v2\/tags?post=60963"}],"curies":[{"name":"wp","href":"https:\/\/api.w.org\/{rel}","templated":true}]}}