{"id":60795,"date":"2025-10-14T19:42:48","date_gmt":"2025-10-14T19:42:48","guid":{"rendered":"https:\/\/todoapulmon-rafaela.com\/?p=60795"},"modified":"2025-10-14T20:12:55","modified_gmt":"2025-10-14T20:12:55","slug":"representantes-de-guepard-con-destacadas-participaciones-en-distintas-competencias","status":"publish","type":"post","link":"https:\/\/todoapulmon-rafaela.com\/index.php\/2025\/10\/14\/representantes-de-guepard-con-destacadas-participaciones-en-distintas-competencias\/","title":{"rendered":"Representantes de Guepard con destacadas participaciones en distintas competencias"},"content":{"rendered":"<p>En running y trail hubo representantes del grupo Guepard este fin de semana compitiendo en la regi\u00f3n y otras provincias, con muy buenas performances.<\/p>\n<p>En cuanto a trail, Germ\u00e1n Eggel se ubic\u00f3 tercero en su categor\u00eda (50 a 59 a\u00f1os) en la Utacch Ultra Trail en Villa Yacanto, en la distancia de 15 kil\u00f3metros.<\/p>\n<p><img loading=\"lazy\" decoding=\"async\" class=\"alignnone size-full wp-image-60798\" src=\"https:\/\/todoapulmon-rafaela.com\/wp-content\/uploads\/2025\/10\/IMG-20251014-WA0010.jpg\" alt=\"\" width=\"1200\" height=\"1600\" srcset=\"https:\/\/todoapulmon-rafaela.com\/wp-content\/uploads\/2025\/10\/IMG-20251014-WA0010.jpg 1200w, https:\/\/todoapulmon-rafaela.com\/wp-content\/uploads\/2025\/10\/IMG-20251014-WA0010-225x300.jpg 225w, https:\/\/todoapulmon-rafaela.com\/wp-content\/uploads\/2025\/10\/IMG-20251014-WA0010-1125x1500.jpg 1125w, https:\/\/todoapulmon-rafaela.com\/wp-content\/uploads\/2025\/10\/IMG-20251014-WA0010-1152x1536.jpg 1152w\" sizes=\"(max-width: 1200px) 100vw, 1200px\" \/><\/p>\n<p>Respecto al Desaf\u00edo Ichura (La Rioja), Luisa Haberkon fue primera en su categor\u00eda de la distancia de 22 kil\u00f3metros.<\/p>\n<p>En cuanto a running, en la Carrera Rosa realizada en Rafaela, Berenice Bustamante fue segunda en la general de 10k y de su categor\u00eda. En tanto, Carolina Ortiz fue primera en su categor\u00eda, y V\u00edctor Jatip segundo en su categor\u00eda.<\/p>\n<p>En Puerto Norte (Rosario), Mateo Quiroga qued\u00f3 sexto en su categor\u00eda en los 21k.<\/p>\n<p><img loading=\"lazy\" decoding=\"async\" class=\"alignnone size-full wp-image-60801\" src=\"https:\/\/todoapulmon-rafaela.com\/wp-content\/uploads\/2025\/10\/IMG-20251014-WA0007.jpg\" alt=\"\" width=\"906\" height=\"1600\" srcset=\"https:\/\/todoapulmon-rafaela.com\/wp-content\/uploads\/2025\/10\/IMG-20251014-WA0007.jpg 906w, https:\/\/todoapulmon-rafaela.com\/wp-content\/uploads\/2025\/10\/IMG-20251014-WA0007-170x300.jpg 170w, https:\/\/todoapulmon-rafaela.com\/wp-content\/uploads\/2025\/10\/IMG-20251014-WA0007-849x1500.jpg 849w, https:\/\/todoapulmon-rafaela.com\/wp-content\/uploads\/2025\/10\/IMG-20251014-WA0007-870x1536.jpg 870w\" sizes=\"(max-width: 906px) 100vw, 906px\" \/><\/p>\n<p>En San Francisco, Marilina Alassia fue tercera en su categor\u00eda en los 5k, Luis Pacheco se ubic\u00f3 primero en su categor\u00eda en la misma distancia y Leonardo Lensiza primero en su categor\u00eda en los 21k.<\/p>\n<p><img loading=\"lazy\" decoding=\"async\" class=\"alignnone size-full wp-image-60800\" src=\"https:\/\/todoapulmon-rafaela.com\/wp-content\/uploads\/2025\/10\/IMG-20251014-WA0015.jpg\" alt=\"\" width=\"1200\" height=\"1600\" srcset=\"https:\/\/todoapulmon-rafaela.com\/wp-content\/uploads\/2025\/10\/IMG-20251014-WA0015.jpg 1200w, https:\/\/todoapulmon-rafaela.com\/wp-content\/uploads\/2025\/10\/IMG-20251014-WA0015-225x300.jpg 225w, https:\/\/todoapulmon-rafaela.com\/wp-content\/uploads\/2025\/10\/IMG-20251014-WA0015-1125x1500.jpg 1125w, https:\/\/todoapulmon-rafaela.com\/wp-content\/uploads\/2025\/10\/IMG-20251014-WA0015-1152x1536.jpg 1152w\" sizes=\"(max-width: 1200px) 100vw, 1200px\" \/><\/p>\n<p>As\u00ed pas\u00f3 otro finde cargado de competencias y muy buenos resultados para los alumnos de Agust\u00edn Pecantet.<\/p>\n<p>&nbsp;<\/p>\n","protected":false},"excerpt":{"rendered":"<p>En running y trail hubo representantes del grupo Guepard este fin de semana compitiendo en la regi\u00f3n y otras provincias,<\/p>\n","protected":false},"author":2,"featured_media":60797,"comment_status":"closed","ping_status":"closed","sticky":false,"template":"","format":"standard","meta":{"footnotes":""},"categories":[7,24],"tags":[],"class_list":["post-60795","post","type-post","status-publish","format-standard","has-post-thumbnail","hentry","category-atletismo","category-noticias-destacadas"],"cc_featured_image_caption":{"caption_text":"","source_text":"","source_url":""},"_links":{"self":[{"href":"https:\/\/todoapulmon-rafaela.com\/index.php\/wp-json\/wp\/v2\/posts\/60795"}],"collection":[{"href":"https:\/\/todoapulmon-rafaela.com\/index.php\/wp-json\/wp\/v2\/posts"}],"about":[{"href":"https:\/\/todoapulmon-rafaela.com\/index.php\/wp-json\/wp\/v2\/types\/post"}],"author":[{"embeddable":true,"href":"https:\/\/todoapulmon-rafaela.com\/index.php\/wp-json\/wp\/v2\/users\/2"}],"replies":[{"embeddable":true,"href":"https:\/\/todoapulmon-rafaela.com\/index.php\/wp-json\/wp\/v2\/comments?post=60795"}],"version-history":[{"count":5,"href":"https:\/\/todoapulmon-rafaela.com\/index.php\/wp-json\/wp\/v2\/posts\/60795\/revisions"}],"predecessor-version":[{"id":60805,"href":"https:\/\/todoapulmon-rafaela.com\/index.php\/wp-json\/wp\/v2\/posts\/60795\/revisions\/60805"}],"wp:featuredmedia":[{"embeddable":true,"href":"https:\/\/todoapulmon-rafaela.com\/index.php\/wp-json\/wp\/v2\/media\/60797"}],"wp:attachment":[{"href":"https:\/\/todoapulmon-rafaela.com\/index.php\/wp-json\/wp\/v2\/media?parent=60795"}],"wp:term":[{"taxonomy":"category","embeddable":true,"href":"https:\/\/todoapulmon-rafaela.com\/index.php\/wp-json\/wp\/v2\/categories?post=60795"},{"taxonomy":"post_tag","embeddable":true,"href":"https:\/\/todoapulmon-rafaela.com\/index.php\/wp-json\/wp\/v2\/tags?post=60795"}],"curies":[{"name":"wp","href":"https:\/\/api.w.org\/{rel}","templated":true}]}}