{"id":60712,"date":"2025-10-12T15:45:52","date_gmt":"2025-10-12T15:45:52","guid":{"rendered":"https:\/\/todoapulmon-rafaela.com\/?p=60712"},"modified":"2025-10-12T15:45:52","modified_gmt":"2025-10-12T15:45:52","slug":"chianalino-y-cattaneo-ganaron-los-10k-de-la-carrera-rosa","status":"publish","type":"post","link":"https:\/\/todoapulmon-rafaela.com\/index.php\/2025\/10\/12\/chianalino-y-cattaneo-ganaron-los-10k-de-la-carrera-rosa\/","title":{"rendered":"Chianalino y Catt\u00e1neo ganaron los 10k de la \u00abCarrera Rosa\u00bb"},"content":{"rendered":"<p>Este domingo se desarroll\u00f3 en Rafaela la denominada \u00abCarrera Rosa\u00bb, sobre 5 y 10 k competitivos, con una caminata recreativa de 3.000 metros.<\/p>\n<p>En el marco del Mes de la Lucha contra el C\u00e1ncer de Mama, la propuesta organizada por el grupo Wayra, con apoyo de la Subsecretar\u00eda de Deportes del municipio y el Hospital Jaime Ferr\u00e9, con la Agencia de Control del C\u00e1ncer, convoc\u00f3 a unos 250 participantes en la zona de la ciclov\u00eda de Estanislao del Campo.<\/p>\n<p>En los 10.000 metros el ganador fue el local Ignacio Chianalino con 38m, segundo se ubic\u00f3 Alejandro Ismail, tercero Emanuel Bainotti, cuarto Ignacio Bertero y quinto Santiago Blengino.<\/p>\n<p><img loading=\"lazy\" decoding=\"async\" class=\"alignnone size-full wp-image-60714\" src=\"https:\/\/todoapulmon-rafaela.com\/wp-content\/uploads\/2025\/10\/P1580997_resultado.jpg\" alt=\"\" width=\"1600\" height=\"1200\" srcset=\"https:\/\/todoapulmon-rafaela.com\/wp-content\/uploads\/2025\/10\/P1580997_resultado.jpg 1600w, https:\/\/todoapulmon-rafaela.com\/wp-content\/uploads\/2025\/10\/P1580997_resultado-300x225.jpg 300w, https:\/\/todoapulmon-rafaela.com\/wp-content\/uploads\/2025\/10\/P1580997_resultado-1536x1152.jpg 1536w\" sizes=\"(max-width: 1600px) 100vw, 1600px\" \/><\/p>\n<p>En damas fue primera Gisela Catt\u00e1neo, tambi\u00e9n de nuestra ciudad, con 45m 30s. En segunda posici\u00f3n qued\u00f3 Berenice Bustamante y tercera Mar\u00eda Jes\u00fas Vigarra. Luego arribaron Maria Rodriguez y Mar\u00eda Beldom\u00e9nico.<\/p>\n<p>En 5k fue primero Leandro Dona, de Rafaela, con un tiempo de 19m 14s, segundo Mauro Busto y tercero Marcelo Fiorito.<\/p>\n<p>En damas los 5.000 metros fueron para Jorgelina Mariotta (al igual que Dona representantes de Runnea Rafaela) con 20m 17s, segunda Florencia Hang y tercera Jesica Sala.<\/p>\n","protected":false},"excerpt":{"rendered":"<p>Este domingo se desarroll\u00f3 en Rafaela la denominada \u00abCarrera Rosa\u00bb, sobre 5 y 10 k competitivos, con una caminata recreativa<\/p>\n","protected":false},"author":2,"featured_media":60716,"comment_status":"closed","ping_status":"closed","sticky":false,"template":"","format":"standard","meta":{"footnotes":""},"categories":[7,24],"tags":[],"class_list":["post-60712","post","type-post","status-publish","format-standard","has-post-thumbnail","hentry","category-atletismo","category-noticias-destacadas"],"cc_featured_image_caption":{"caption_text":"","source_text":"","source_url":""},"_links":{"self":[{"href":"https:\/\/todoapulmon-rafaela.com\/index.php\/wp-json\/wp\/v2\/posts\/60712"}],"collection":[{"href":"https:\/\/todoapulmon-rafaela.com\/index.php\/wp-json\/wp\/v2\/posts"}],"about":[{"href":"https:\/\/todoapulmon-rafaela.com\/index.php\/wp-json\/wp\/v2\/types\/post"}],"author":[{"embeddable":true,"href":"https:\/\/todoapulmon-rafaela.com\/index.php\/wp-json\/wp\/v2\/users\/2"}],"replies":[{"embeddable":true,"href":"https:\/\/todoapulmon-rafaela.com\/index.php\/wp-json\/wp\/v2\/comments?post=60712"}],"version-history":[{"count":1,"href":"https:\/\/todoapulmon-rafaela.com\/index.php\/wp-json\/wp\/v2\/posts\/60712\/revisions"}],"predecessor-version":[{"id":60715,"href":"https:\/\/todoapulmon-rafaela.com\/index.php\/wp-json\/wp\/v2\/posts\/60712\/revisions\/60715"}],"wp:featuredmedia":[{"embeddable":true,"href":"https:\/\/todoapulmon-rafaela.com\/index.php\/wp-json\/wp\/v2\/media\/60716"}],"wp:attachment":[{"href":"https:\/\/todoapulmon-rafaela.com\/index.php\/wp-json\/wp\/v2\/media?parent=60712"}],"wp:term":[{"taxonomy":"category","embeddable":true,"href":"https:\/\/todoapulmon-rafaela.com\/index.php\/wp-json\/wp\/v2\/categories?post=60712"},{"taxonomy":"post_tag","embeddable":true,"href":"https:\/\/todoapulmon-rafaela.com\/index.php\/wp-json\/wp\/v2\/tags?post=60712"}],"curies":[{"name":"wp","href":"https:\/\/api.w.org\/{rel}","templated":true}]}}