{"id":60592,"date":"2025-10-07T12:34:06","date_gmt":"2025-10-07T12:34:06","guid":{"rendered":"https:\/\/todoapulmon-rafaela.com\/?p=60592"},"modified":"2025-10-07T12:34:06","modified_gmt":"2025-10-07T12:34:06","slug":"se-retiro-carlos-delfino-el-ultimo-integrante-de-la-generacion-dorada-que-seguia-en-actividad","status":"publish","type":"post","link":"https:\/\/todoapulmon-rafaela.com\/index.php\/2025\/10\/07\/se-retiro-carlos-delfino-el-ultimo-integrante-de-la-generacion-dorada-que-seguia-en-actividad\/","title":{"rendered":"Se retir\u00f3 Carlos Delfino, el \u00faltimo integrante de la Generaci\u00f3n Dorada que segu\u00eda en actividad"},"content":{"rendered":"<p>A los 43 a\u00f1os el escolta Carlos Delfino anunci\u00f3 que no jugar\u00e1 m\u00e1s de manera profesional, siendo el \u00faltimo campe\u00f3n ol\u00edmpico en Atenas 2004 en dejar la actividad.<\/p>\n<p>Sin anuncios, sin partidos homenajes, fiel a su bajo perfil, en di\u00e1logo con Doble Doble\u00a0el santafesino expres\u00f3: \u201cLleg\u00f3 el momento que pens\u00e9 que no iba a llegar, que fue poner excusas para ir a entrenar y no tener ganas de ir, y dije \u2018lleg\u00f3 el momento\u2019. Me puse muy bien porque sufr\u00ed muchas lesiones y estuve 4 a\u00f1os sin jugar, y ahora pude elegir yo cu\u00e1ndo dejarlo\u201d. Adem\u00e1s, ya con el t\u00edtulo de entrenadore<\/p>\n<p>Debutante como profesional en 1998 con Libertad de Sunchales, Delfino dej\u00f3 la actividad a los 43 a\u00f1os despu\u00e9s de jugar dos temporadas en Benedetto Cento de la segunda divisi\u00f3n italiana. Fue el primer argentino en ser elegido en la primera ronda del draft 2003. Uno de los albicelestes que fue parte de la NBA con m\u00e1s de 500 partidos disputados en Detroit, Toronto, Milwaukee y Houston.<\/p>\n<p>A su vez, fue campe\u00f3n ol\u00edmpico con Argentina en Atenas 2004, bronce en Beijing 2008, campe\u00f3n de la Americup en 2011 y 2022 y del Sudamericano 2004. Un jugador que sufri\u00f3 duras lesiones a lo largo de su carrera que mermaron su rendimiento, pero que no le impidieron demostrar el amor al juego y todo su talento, uno de los m\u00e1s grandes de la historia del b\u00e1squet argentino.<\/p>\n<p>Fuente: B\u00e1squet Plus.<\/p>\n","protected":false},"excerpt":{"rendered":"<p>A los 43 a\u00f1os el escolta Carlos Delfino anunci\u00f3 que no jugar\u00e1 m\u00e1s de manera profesional, siendo el \u00faltimo campe\u00f3n<\/p>\n","protected":false},"author":2,"featured_media":60593,"comment_status":"closed","ping_status":"closed","sticky":false,"template":"","format":"standard","meta":{"footnotes":""},"categories":[5,24],"tags":[],"class_list":["post-60592","post","type-post","status-publish","format-standard","has-post-thumbnail","hentry","category-basquet","category-noticias-destacadas"],"cc_featured_image_caption":{"caption_text":"","source_text":"","source_url":""},"_links":{"self":[{"href":"https:\/\/todoapulmon-rafaela.com\/index.php\/wp-json\/wp\/v2\/posts\/60592"}],"collection":[{"href":"https:\/\/todoapulmon-rafaela.com\/index.php\/wp-json\/wp\/v2\/posts"}],"about":[{"href":"https:\/\/todoapulmon-rafaela.com\/index.php\/wp-json\/wp\/v2\/types\/post"}],"author":[{"embeddable":true,"href":"https:\/\/todoapulmon-rafaela.com\/index.php\/wp-json\/wp\/v2\/users\/2"}],"replies":[{"embeddable":true,"href":"https:\/\/todoapulmon-rafaela.com\/index.php\/wp-json\/wp\/v2\/comments?post=60592"}],"version-history":[{"count":1,"href":"https:\/\/todoapulmon-rafaela.com\/index.php\/wp-json\/wp\/v2\/posts\/60592\/revisions"}],"predecessor-version":[{"id":60594,"href":"https:\/\/todoapulmon-rafaela.com\/index.php\/wp-json\/wp\/v2\/posts\/60592\/revisions\/60594"}],"wp:featuredmedia":[{"embeddable":true,"href":"https:\/\/todoapulmon-rafaela.com\/index.php\/wp-json\/wp\/v2\/media\/60593"}],"wp:attachment":[{"href":"https:\/\/todoapulmon-rafaela.com\/index.php\/wp-json\/wp\/v2\/media?parent=60592"}],"wp:term":[{"taxonomy":"category","embeddable":true,"href":"https:\/\/todoapulmon-rafaela.com\/index.php\/wp-json\/wp\/v2\/categories?post=60592"},{"taxonomy":"post_tag","embeddable":true,"href":"https:\/\/todoapulmon-rafaela.com\/index.php\/wp-json\/wp\/v2\/tags?post=60592"}],"curies":[{"name":"wp","href":"https:\/\/api.w.org\/{rel}","templated":true}]}}