{"id":60406,"date":"2025-10-02T10:55:47","date_gmt":"2025-10-02T10:55:47","guid":{"rendered":"https:\/\/todoapulmon-rafaela.com\/?p=60406"},"modified":"2025-10-02T10:55:47","modified_gmt":"2025-10-02T10:55:47","slug":"crar-presento-su-carrera-nocturna-aniversario-del-seven","status":"publish","type":"post","link":"https:\/\/todoapulmon-rafaela.com\/index.php\/2025\/10\/02\/crar-presento-su-carrera-nocturna-aniversario-del-seven\/","title":{"rendered":"CRAR present\u00f3 su carrera nocturna aniversario del Seven"},"content":{"rendered":"<p>La primera carrera nocturna por el 50\u00b0 aniversario del Seven del C\u00edrculo Rafaelino de Rugby fue presentada este mi\u00e9rcoles en la Casona del predio de la instituci\u00f3n.<\/p>\n<p>El presidente Leonardo Crosetti, junto a Marcelo Salamano y Maximiliano Bertholt, referentes de la Comisi\u00f3n organizadora de los festejos, brindaron los principales detalles no solamente a la prensa, sino tambi\u00e9n ante varios representantes de los grupos de runners locales. Tambi\u00e9n estuvo presente Mart\u00edn Palamedi, de Laptime, que es la empresa fiscalizadora y que recibe las inscripciones de los participantes.<\/p>\n<p><img loading=\"lazy\" decoding=\"async\" class=\"alignnone size-full wp-image-60409\" src=\"https:\/\/todoapulmon-rafaela.com\/wp-content\/uploads\/2025\/10\/20251001_212127-scaled.jpg\" alt=\"\" width=\"2560\" height=\"1920\" srcset=\"https:\/\/todoapulmon-rafaela.com\/wp-content\/uploads\/2025\/10\/20251001_212127-scaled.jpg 2560w, https:\/\/todoapulmon-rafaela.com\/wp-content\/uploads\/2025\/10\/20251001_212127-300x225.jpg 300w, https:\/\/todoapulmon-rafaela.com\/wp-content\/uploads\/2025\/10\/20251001_212127-2000x1500.jpg 2000w, https:\/\/todoapulmon-rafaela.com\/wp-content\/uploads\/2025\/10\/20251001_212127-1536x1152.jpg 1536w, https:\/\/todoapulmon-rafaela.com\/wp-content\/uploads\/2025\/10\/20251001_212127-2048x1536.jpg 2048w\" sizes=\"(max-width: 2560px) 100vw, 2560px\" \/><\/p>\n<p>La carrera, en las distancias de 5 y 10k, se desarrollar\u00e1 el 8 de noviembre a partir de las 20.30 con un cupo de 500 participantes. Durante la conferencia se present\u00f3 la remera, naturalmente de color verde a tono con el color predominante de la instituci\u00f3n.<\/p>\n<p>Ariel Magallanes, que adem\u00e1s de entrenador de running es preparador f\u00edsico del plantel superior de rugby del Club, mostr\u00f3 el recorrido de la competencia. El circuito tomar\u00e1 el sector oeste de la ciudad, con salida desde el interior del club y con muy pocos tramos cruzando la ruta 70 (en el inicio con la largada y en el regreso en inmediaciones del cementerio), ya que se utilizar\u00e1 la colectora hasta Avenida Podio, y desde all\u00ed se ingresar\u00e1 al barrio Amancay, extendi\u00e9ndose hasta la colectora de la Ruta 34 en el caso de los 10k hasta calle Giordano, para luego emprender la vuelta.<\/p>\n<p><img loading=\"lazy\" decoding=\"async\" class=\"alignnone size-full wp-image-60410\" src=\"https:\/\/todoapulmon-rafaela.com\/wp-content\/uploads\/2025\/10\/20251001_212019-scaled.jpg\" alt=\"\" width=\"2560\" height=\"1920\" srcset=\"https:\/\/todoapulmon-rafaela.com\/wp-content\/uploads\/2025\/10\/20251001_212019-scaled.jpg 2560w, https:\/\/todoapulmon-rafaela.com\/wp-content\/uploads\/2025\/10\/20251001_212019-300x225.jpg 300w, https:\/\/todoapulmon-rafaela.com\/wp-content\/uploads\/2025\/10\/20251001_212019-2000x1500.jpg 2000w, https:\/\/todoapulmon-rafaela.com\/wp-content\/uploads\/2025\/10\/20251001_212019-1536x1152.jpg 1536w, https:\/\/todoapulmon-rafaela.com\/wp-content\/uploads\/2025\/10\/20251001_212019-2048x1536.jpg 2048w\" sizes=\"(max-width: 2560px) 100vw, 2560px\" \/><\/p>\n<p>\u00abEste evento es uno de los distintos a nosotros, ya que somos un club de rugby y hockey, pero hacer una prueba como esta nos motiv\u00f3. Somos deportistas, quiz\u00e1s nosotros un poco menos dentro de la cancha en estos momentos, pero nos gust\u00f3 la idea de mostrar nuestro club y el lugar que ocupa, de la ruta 34 hacia el oeste somos uno de los dos clubes que tiene la ciudad, nos pareci\u00f3 importante y valioso que la gente sepa que est\u00e9 el CRAR\u00bb, manifest\u00f3 Crosetti.<\/p>\n<p>Los kits se entregar\u00e1n el 7 de noviembre para los anotados de Rafaela, y el s\u00e1bado 8, d\u00eda de la carrera, para los que no son de la ciudad.<\/p>\n<p>Se va a premiar del primer al tercer puesto en la general, no acumulativo, y por categor\u00eda de cinco en cinco a\u00f1os en lo que tiene que ver con 10 k. Para los 5.000 metros ser\u00e1 en la general del primero al quinto.<\/p>\n<p>Cabe mencionar que se premiar\u00e1n con bicicletas SLP a los ganadores de las generales y que habr\u00e1 importantes sorteos entre los participantes.<\/p>\n","protected":false},"excerpt":{"rendered":"<p>La primera carrera nocturna por el 50\u00b0 aniversario del Seven del C\u00edrculo Rafaelino de Rugby fue presentada este mi\u00e9rcoles en<\/p>\n","protected":false},"author":2,"featured_media":60408,"comment_status":"closed","ping_status":"closed","sticky":false,"template":"","format":"standard","meta":{"footnotes":""},"categories":[7,24],"tags":[],"class_list":["post-60406","post","type-post","status-publish","format-standard","has-post-thumbnail","hentry","category-atletismo","category-noticias-destacadas"],"cc_featured_image_caption":{"caption_text":"","source_text":"","source_url":""},"_links":{"self":[{"href":"https:\/\/todoapulmon-rafaela.com\/index.php\/wp-json\/wp\/v2\/posts\/60406"}],"collection":[{"href":"https:\/\/todoapulmon-rafaela.com\/index.php\/wp-json\/wp\/v2\/posts"}],"about":[{"href":"https:\/\/todoapulmon-rafaela.com\/index.php\/wp-json\/wp\/v2\/types\/post"}],"author":[{"embeddable":true,"href":"https:\/\/todoapulmon-rafaela.com\/index.php\/wp-json\/wp\/v2\/users\/2"}],"replies":[{"embeddable":true,"href":"https:\/\/todoapulmon-rafaela.com\/index.php\/wp-json\/wp\/v2\/comments?post=60406"}],"version-history":[{"count":2,"href":"https:\/\/todoapulmon-rafaela.com\/index.php\/wp-json\/wp\/v2\/posts\/60406\/revisions"}],"predecessor-version":[{"id":60411,"href":"https:\/\/todoapulmon-rafaela.com\/index.php\/wp-json\/wp\/v2\/posts\/60406\/revisions\/60411"}],"wp:featuredmedia":[{"embeddable":true,"href":"https:\/\/todoapulmon-rafaela.com\/index.php\/wp-json\/wp\/v2\/media\/60408"}],"wp:attachment":[{"href":"https:\/\/todoapulmon-rafaela.com\/index.php\/wp-json\/wp\/v2\/media?parent=60406"}],"wp:term":[{"taxonomy":"category","embeddable":true,"href":"https:\/\/todoapulmon-rafaela.com\/index.php\/wp-json\/wp\/v2\/categories?post=60406"},{"taxonomy":"post_tag","embeddable":true,"href":"https:\/\/todoapulmon-rafaela.com\/index.php\/wp-json\/wp\/v2\/tags?post=60406"}],"curies":[{"name":"wp","href":"https:\/\/api.w.org\/{rel}","templated":true}]}}