{"id":604,"date":"2016-04-29T12:46:09","date_gmt":"2016-04-29T12:46:09","guid":{"rendered":"http:\/\/todoapulmon-rafaela.com\/?p=604"},"modified":"2016-04-29T12:46:09","modified_gmt":"2016-04-29T12:46:09","slug":"campamento-nacional-de-marcha-en-el-cef-53","status":"publish","type":"post","link":"https:\/\/todoapulmon-rafaela.com\/index.php\/2016\/04\/29\/campamento-nacional-de-marcha-en-el-cef-53\/","title":{"rendered":"Campamento nacional de marcha en el CEF 53"},"content":{"rendered":"<p>Los d\u00edas 13, 14 y 15 de mayo se realizar\u00e1 en el Centro de Educaci\u00f3n F\u00edsica N\u00ba 53 de nuestra ciudad el Campamento Nacional de Marcha Atl\u00e9tica. El mismo ser\u00e1 coordinado por Ariel Magallanes, uno de los entrenadores de la instituci\u00f3n y referente nacional dentro de la especialidad, junto a Diego Calvo y Alexis Abot.<br \/>\nEl evento cuenta con el aval de la Confederaci\u00f3n Argentina de Atletismo y se espera la asistencia de los 20 mejores exponentes de la marcha atl\u00e9tica en nuestro pa\u00eds, aunque existe capacidad para contar con mayor n\u00famero de protagonistas.<br \/>\nRecordemos que Rafaela cuenta, a trav\u00e9s del CEF 53, con un buen n\u00famero de marchistas. Hace pocos d\u00edas, en el Nacional de Mayores, Sof\u00eda Kloster obtuvo el subcampeonato en el CENARD.<\/p>\n","protected":false},"excerpt":{"rendered":"<p>Los d\u00edas 13, 14 y 15 de mayo se realizar\u00e1 en el Centro de Educaci\u00f3n F\u00edsica N\u00ba 53 de nuestra<\/p>\n","protected":false},"author":2,"featured_media":605,"comment_status":"open","ping_status":"open","sticky":false,"template":"","format":"standard","meta":{"footnotes":""},"categories":[7],"tags":[],"class_list":["post-604","post","type-post","status-publish","format-standard","has-post-thumbnail","hentry","category-atletismo"],"cc_featured_image_caption":{"caption_text":"El CEF 53 ser\u00e1 escenario del Campamento Nacional.","source_text":"","source_url":""},"_links":{"self":[{"href":"https:\/\/todoapulmon-rafaela.com\/index.php\/wp-json\/wp\/v2\/posts\/604"}],"collection":[{"href":"https:\/\/todoapulmon-rafaela.com\/index.php\/wp-json\/wp\/v2\/posts"}],"about":[{"href":"https:\/\/todoapulmon-rafaela.com\/index.php\/wp-json\/wp\/v2\/types\/post"}],"author":[{"embeddable":true,"href":"https:\/\/todoapulmon-rafaela.com\/index.php\/wp-json\/wp\/v2\/users\/2"}],"replies":[{"embeddable":true,"href":"https:\/\/todoapulmon-rafaela.com\/index.php\/wp-json\/wp\/v2\/comments?post=604"}],"version-history":[{"count":1,"href":"https:\/\/todoapulmon-rafaela.com\/index.php\/wp-json\/wp\/v2\/posts\/604\/revisions"}],"predecessor-version":[{"id":606,"href":"https:\/\/todoapulmon-rafaela.com\/index.php\/wp-json\/wp\/v2\/posts\/604\/revisions\/606"}],"wp:featuredmedia":[{"embeddable":true,"href":"https:\/\/todoapulmon-rafaela.com\/index.php\/wp-json\/wp\/v2\/media\/605"}],"wp:attachment":[{"href":"https:\/\/todoapulmon-rafaela.com\/index.php\/wp-json\/wp\/v2\/media?parent=604"}],"wp:term":[{"taxonomy":"category","embeddable":true,"href":"https:\/\/todoapulmon-rafaela.com\/index.php\/wp-json\/wp\/v2\/categories?post=604"},{"taxonomy":"post_tag","embeddable":true,"href":"https:\/\/todoapulmon-rafaela.com\/index.php\/wp-json\/wp\/v2\/tags?post=604"}],"curies":[{"name":"wp","href":"https:\/\/api.w.org\/{rel}","templated":true}]}}