{"id":60280,"date":"2025-09-27T20:16:30","date_gmt":"2025-09-27T20:16:30","guid":{"rendered":"https:\/\/todoapulmon-rafaela.com\/?p=60280"},"modified":"2025-09-27T20:16:30","modified_gmt":"2025-09-27T20:16:30","slug":"la-m16-de-crar-se-quedo-con-la-copa-de-plata","status":"publish","type":"post","link":"https:\/\/todoapulmon-rafaela.com\/index.php\/2025\/09\/27\/la-m16-de-crar-se-quedo-con-la-copa-de-plata\/","title":{"rendered":"La M16 de CRAR se qued\u00f3 con la Copa de Plata"},"content":{"rendered":"<p>Este s\u00e1bado los juveniles de CRAR tuvieron el cierre del torneo Dos Orillas con dos categor\u00edas en condici\u00f3n de local, disputando sendas definiciones del Final Four.<\/p>\n<p>En primer t\u00e9rmino la categor\u00eda M16 obtuvo la Copa de Plata, derrotando a Rowing de Paran\u00e1 por 26 a 25.<\/p>\n<p>Luego, por la final de la Copa de Oro de M17, CRAR perdi\u00f3 en otro partido ajustado por 21 a 19 frente a Santa Fe Rugby, con una reacci\u00f3n en el segundo tiempo que por poco no le alcanz\u00f3 para dar vuelta el marcador.<\/p>\n<p><img loading=\"lazy\" decoding=\"async\" class=\"alignnone size-full wp-image-60282\" src=\"https:\/\/todoapulmon-rafaela.com\/wp-content\/uploads\/2025\/09\/P1580724_resultado.jpg\" alt=\"\" width=\"1600\" height=\"1200\" srcset=\"https:\/\/todoapulmon-rafaela.com\/wp-content\/uploads\/2025\/09\/P1580724_resultado.jpg 1600w, https:\/\/todoapulmon-rafaela.com\/wp-content\/uploads\/2025\/09\/P1580724_resultado-300x225.jpg 300w, https:\/\/todoapulmon-rafaela.com\/wp-content\/uploads\/2025\/09\/P1580724_resultado-1536x1152.jpg 1536w\" sizes=\"(max-width: 1600px) 100vw, 1600px\" \/><\/p>\n<p>La nota saliente de la jornada fue el intenso viento que hizo pr\u00e1cticamente imposible tener precisi\u00f3n en el juego con el pie.<\/p>\n<p>En un marco de mucha correcci\u00f3n se vivieron ambos partidos, que terminaron con el reconocimiento de rivales para quienes resultaron vencedores.<\/p>\n<p>Para CRAR se cerr\u00f3 un Dos Orillas muy positivo, pero no todav\u00eda la competencia juvenil. La M19 jugar\u00e1 desde el pr\u00f3ximo fin de semana el TRL sumando competencia con los equipos de Rosario, mientras que la M17 jugar\u00e1 el M2.<\/p>\n","protected":false},"excerpt":{"rendered":"<p>Este s\u00e1bado los juveniles de CRAR tuvieron el cierre del torneo Dos Orillas con dos categor\u00edas en condici\u00f3n de local,<\/p>\n","protected":false},"author":2,"featured_media":60281,"comment_status":"closed","ping_status":"closed","sticky":false,"template":"","format":"standard","meta":{"footnotes":""},"categories":[24,2],"tags":[],"class_list":["post-60280","post","type-post","status-publish","format-standard","has-post-thumbnail","hentry","category-noticias-destacadas","category-rugby"],"cc_featured_image_caption":{"caption_text":"","source_text":"","source_url":""},"_links":{"self":[{"href":"https:\/\/todoapulmon-rafaela.com\/index.php\/wp-json\/wp\/v2\/posts\/60280"}],"collection":[{"href":"https:\/\/todoapulmon-rafaela.com\/index.php\/wp-json\/wp\/v2\/posts"}],"about":[{"href":"https:\/\/todoapulmon-rafaela.com\/index.php\/wp-json\/wp\/v2\/types\/post"}],"author":[{"embeddable":true,"href":"https:\/\/todoapulmon-rafaela.com\/index.php\/wp-json\/wp\/v2\/users\/2"}],"replies":[{"embeddable":true,"href":"https:\/\/todoapulmon-rafaela.com\/index.php\/wp-json\/wp\/v2\/comments?post=60280"}],"version-history":[{"count":1,"href":"https:\/\/todoapulmon-rafaela.com\/index.php\/wp-json\/wp\/v2\/posts\/60280\/revisions"}],"predecessor-version":[{"id":60283,"href":"https:\/\/todoapulmon-rafaela.com\/index.php\/wp-json\/wp\/v2\/posts\/60280\/revisions\/60283"}],"wp:featuredmedia":[{"embeddable":true,"href":"https:\/\/todoapulmon-rafaela.com\/index.php\/wp-json\/wp\/v2\/media\/60281"}],"wp:attachment":[{"href":"https:\/\/todoapulmon-rafaela.com\/index.php\/wp-json\/wp\/v2\/media?parent=60280"}],"wp:term":[{"taxonomy":"category","embeddable":true,"href":"https:\/\/todoapulmon-rafaela.com\/index.php\/wp-json\/wp\/v2\/categories?post=60280"},{"taxonomy":"post_tag","embeddable":true,"href":"https:\/\/todoapulmon-rafaela.com\/index.php\/wp-json\/wp\/v2\/tags?post=60280"}],"curies":[{"name":"wp","href":"https:\/\/api.w.org\/{rel}","templated":true}]}}