{"id":60231,"date":"2025-09-26T15:49:29","date_gmt":"2025-09-26T15:49:29","guid":{"rendered":"https:\/\/todoapulmon-rafaela.com\/?p=60231"},"modified":"2025-09-26T15:49:29","modified_gmt":"2025-09-26T15:49:29","slug":"runnea-tuvo-presencias-destacadas-en-los-42k-de-buenos-aires","status":"publish","type":"post","link":"https:\/\/todoapulmon-rafaela.com\/index.php\/2025\/09\/26\/runnea-tuvo-presencias-destacadas-en-los-42k-de-buenos-aires\/","title":{"rendered":"Runnea tuvo presencias destacadas en los 42k de Buenos Aires"},"content":{"rendered":"<p>Con cuatro corredores que tuvieron meritorias performances, el grupo Runnea dijo presente el domingo 21 de septiembre en los 42k de Buenos Aires.<\/p>\n<p>Franco Zurbera cronometr\u00f3 3h 04m 33s para ubicarse en el puesto 219 de su categor\u00eda<\/p>\n<p>Jorgelina Mariotta registr\u00f3 un tiempo de 3h 33m\u00a0 34s quedando en el puesto 79 de su categor\u00eda.<\/p>\n<p><img loading=\"lazy\" decoding=\"async\" class=\"alignnone size-full wp-image-60234\" src=\"https:\/\/todoapulmon-rafaela.com\/wp-content\/uploads\/2025\/09\/Pipi-Maraton.jpg\" alt=\"\" width=\"670\" height=\"1280\" srcset=\"https:\/\/todoapulmon-rafaela.com\/wp-content\/uploads\/2025\/09\/Pipi-Maraton.jpg 670w, https:\/\/todoapulmon-rafaela.com\/wp-content\/uploads\/2025\/09\/Pipi-Maraton-157x300.jpg 157w\" sizes=\"(max-width: 670px) 100vw, 670px\" \/><\/p>\n<p>Asimismo, Gast\u00f3n Ferreyra tuvo una marca de 3h 30m 20s y qued\u00f3 clasificado en el lugar 568 de su categor\u00eda.<\/p>\n<p><img loading=\"lazy\" decoding=\"async\" class=\"alignnone size-full wp-image-60236\" src=\"https:\/\/todoapulmon-rafaela.com\/wp-content\/uploads\/2025\/09\/Runnea-Maraton1.jpg\" alt=\"\" width=\"963\" height=\"1280\" srcset=\"https:\/\/todoapulmon-rafaela.com\/wp-content\/uploads\/2025\/09\/Runnea-Maraton1.jpg 963w, https:\/\/todoapulmon-rafaela.com\/wp-content\/uploads\/2025\/09\/Runnea-Maraton1-226x300.jpg 226w\" sizes=\"(max-width: 963px) 100vw, 963px\" \/><\/p>\n<p>Eduardo S\u00e1nchez tuvo un registro de 3h 59m 43s y se ubic\u00f3 1013 en su categor\u00eda.<\/p>\n<p><img loading=\"lazy\" decoding=\"async\" class=\"alignnone size-full wp-image-60233\" src=\"https:\/\/todoapulmon-rafaela.com\/wp-content\/uploads\/2025\/09\/Runnea-Maraton.jpg\" alt=\"\" width=\"1066\" height=\"1600\" srcset=\"https:\/\/todoapulmon-rafaela.com\/wp-content\/uploads\/2025\/09\/Runnea-Maraton.jpg 1066w, https:\/\/todoapulmon-rafaela.com\/wp-content\/uploads\/2025\/09\/Runnea-Maraton-200x300.jpg 200w, https:\/\/todoapulmon-rafaela.com\/wp-content\/uploads\/2025\/09\/Runnea-Maraton-999x1500.jpg 999w, https:\/\/todoapulmon-rafaela.com\/wp-content\/uploads\/2025\/09\/Runnea-Maraton-1023x1536.jpg 1023w\" sizes=\"(max-width: 1066px) 100vw, 1066px\" \/><\/p>\n<p>Los runners entrenados por Ariel Magallanes y Roc\u00edo Donnet disfrutaron de esta hermosa competencia, en el circuito mas r\u00e1pido de Latinoam\u00e9rica, consiguiendo la satisfacci\u00f3n de cumplir sus objetivos.<\/p>\n","protected":false},"excerpt":{"rendered":"<p>Con cuatro corredores que tuvieron meritorias performances, el grupo Runnea dijo presente el domingo 21 de septiembre en los 42k<\/p>\n","protected":false},"author":2,"featured_media":60232,"comment_status":"closed","ping_status":"closed","sticky":false,"template":"","format":"standard","meta":{"footnotes":""},"categories":[7,24],"tags":[],"class_list":["post-60231","post","type-post","status-publish","format-standard","has-post-thumbnail","hentry","category-atletismo","category-noticias-destacadas"],"cc_featured_image_caption":{"caption_text":"Franco Zurbera hizo el marat\u00f3n porte\u00f1o en 3h 04m 33s.","source_text":"","source_url":""},"_links":{"self":[{"href":"https:\/\/todoapulmon-rafaela.com\/index.php\/wp-json\/wp\/v2\/posts\/60231"}],"collection":[{"href":"https:\/\/todoapulmon-rafaela.com\/index.php\/wp-json\/wp\/v2\/posts"}],"about":[{"href":"https:\/\/todoapulmon-rafaela.com\/index.php\/wp-json\/wp\/v2\/types\/post"}],"author":[{"embeddable":true,"href":"https:\/\/todoapulmon-rafaela.com\/index.php\/wp-json\/wp\/v2\/users\/2"}],"replies":[{"embeddable":true,"href":"https:\/\/todoapulmon-rafaela.com\/index.php\/wp-json\/wp\/v2\/comments?post=60231"}],"version-history":[{"count":1,"href":"https:\/\/todoapulmon-rafaela.com\/index.php\/wp-json\/wp\/v2\/posts\/60231\/revisions"}],"predecessor-version":[{"id":60237,"href":"https:\/\/todoapulmon-rafaela.com\/index.php\/wp-json\/wp\/v2\/posts\/60231\/revisions\/60237"}],"wp:featuredmedia":[{"embeddable":true,"href":"https:\/\/todoapulmon-rafaela.com\/index.php\/wp-json\/wp\/v2\/media\/60232"}],"wp:attachment":[{"href":"https:\/\/todoapulmon-rafaela.com\/index.php\/wp-json\/wp\/v2\/media?parent=60231"}],"wp:term":[{"taxonomy":"category","embeddable":true,"href":"https:\/\/todoapulmon-rafaela.com\/index.php\/wp-json\/wp\/v2\/categories?post=60231"},{"taxonomy":"post_tag","embeddable":true,"href":"https:\/\/todoapulmon-rafaela.com\/index.php\/wp-json\/wp\/v2\/tags?post=60231"}],"curies":[{"name":"wp","href":"https:\/\/api.w.org\/{rel}","templated":true}]}}