{"id":60200,"date":"2025-09-25T11:28:13","date_gmt":"2025-09-25T11:28:13","guid":{"rendered":"https:\/\/todoapulmon-rafaela.com\/?p=60200"},"modified":"2025-09-25T11:30:28","modified_gmt":"2025-09-25T11:30:28","slug":"tiempo-de-provincial-para-la-u15-masculina","status":"publish","type":"post","link":"https:\/\/todoapulmon-rafaela.com\/index.php\/2025\/09\/25\/tiempo-de-provincial-para-la-u15-masculina\/","title":{"rendered":"Tiempo de Provincial para la U15 masculina"},"content":{"rendered":"<p>Este fin de semana se jugar\u00e1 el Torneo Interasociaciones de la categor\u00eda U15 masculina en Venado Tuerto, en el que la Asociaci\u00f3n Rafaelina se medir\u00e1 con los representativos de la Santafesina, Venadense y del Oeste Santafesino, jugando en el Club Ciudad por la Zona B.<\/p>\n<p>El plantel ser\u00e1 dirigido por Rodrigo Ju\u00e1rez, acompa\u00f1ado por Guillermo Chiaraviglio como asistente y Gonzalo Bilbao como preparador f\u00edsico. Los jugadores convocados son los siguientes:<\/p>\n<p>De 9 de Julio: <strong>Rodolfo Tomatis, Benjam\u00edn Taborda y Bautista Berta<\/strong>.<br \/>\nDe Independiente: <strong>Bautista Balari, Tiziano Carella y Maximiliano Burgener<\/strong>.<br \/>\nDe Atl\u00e9tico de Rafaela: <strong>Bautista Andermatten y Facundo Requejo<\/strong>.<br \/>\nDe Sportivo Ben Hur: <strong>Juan Rocchia y Valent\u00edn Bernard<\/strong>.<br \/>\nDe Libertad de Sunchales: <strong>Santiago Hirschfeld<\/strong>.<br \/>\nDe Uni\u00f3n de Sunchales: <strong>Santino Bonafede<\/strong>.<\/p>\n<p>El debut del seleccionado de la ARB ser\u00e1 el viernes a las 20.30 frente al local Venado Tuerto, mientras que previamente, a las 17.30, lo har\u00e1n Oeste vs. Santafesina. El s\u00e1bado los perdedores de estos encuentros jugar\u00e1n a las 9.30 y los ganadores a las 11.30, mientras que la fase clasificatoria se cerrar\u00e1 el mismo d\u00eda\u00a0 las 18.30 y 20.30.<\/p>\n<p>Las semifinales ser\u00e1n el domingo a las 10 y la final a las 19.15.<\/p>\n","protected":false},"excerpt":{"rendered":"<p>Este fin de semana se jugar\u00e1 el Torneo Interasociaciones de la categor\u00eda U15 masculina en Venado Tuerto, en el que<\/p>\n","protected":false},"author":2,"featured_media":60201,"comment_status":"closed","ping_status":"closed","sticky":false,"template":"","format":"standard","meta":{"footnotes":""},"categories":[5,24],"tags":[],"class_list":["post-60200","post","type-post","status-publish","format-standard","has-post-thumbnail","hentry","category-basquet","category-noticias-destacadas"],"cc_featured_image_caption":{"caption_text":"FOTO ARB","source_text":"","source_url":""},"_links":{"self":[{"href":"https:\/\/todoapulmon-rafaela.com\/index.php\/wp-json\/wp\/v2\/posts\/60200"}],"collection":[{"href":"https:\/\/todoapulmon-rafaela.com\/index.php\/wp-json\/wp\/v2\/posts"}],"about":[{"href":"https:\/\/todoapulmon-rafaela.com\/index.php\/wp-json\/wp\/v2\/types\/post"}],"author":[{"embeddable":true,"href":"https:\/\/todoapulmon-rafaela.com\/index.php\/wp-json\/wp\/v2\/users\/2"}],"replies":[{"embeddable":true,"href":"https:\/\/todoapulmon-rafaela.com\/index.php\/wp-json\/wp\/v2\/comments?post=60200"}],"version-history":[{"count":1,"href":"https:\/\/todoapulmon-rafaela.com\/index.php\/wp-json\/wp\/v2\/posts\/60200\/revisions"}],"predecessor-version":[{"id":60202,"href":"https:\/\/todoapulmon-rafaela.com\/index.php\/wp-json\/wp\/v2\/posts\/60200\/revisions\/60202"}],"wp:featuredmedia":[{"embeddable":true,"href":"https:\/\/todoapulmon-rafaela.com\/index.php\/wp-json\/wp\/v2\/media\/60201"}],"wp:attachment":[{"href":"https:\/\/todoapulmon-rafaela.com\/index.php\/wp-json\/wp\/v2\/media?parent=60200"}],"wp:term":[{"taxonomy":"category","embeddable":true,"href":"https:\/\/todoapulmon-rafaela.com\/index.php\/wp-json\/wp\/v2\/categories?post=60200"},{"taxonomy":"post_tag","embeddable":true,"href":"https:\/\/todoapulmon-rafaela.com\/index.php\/wp-json\/wp\/v2\/tags?post=60200"}],"curies":[{"name":"wp","href":"https:\/\/api.w.org\/{rel}","templated":true}]}}