{"id":601,"date":"2016-04-29T12:08:38","date_gmt":"2016-04-29T12:08:38","guid":{"rendered":"http:\/\/todoapulmon-rafaela.com\/?p=601"},"modified":"2016-04-29T12:08:38","modified_gmt":"2016-04-29T12:08:38","slug":"gretter-y-corinthians-cerraron-con-subcampeonato","status":"publish","type":"post","link":"https:\/\/todoapulmon-rafaela.com\/index.php\/2016\/04\/29\/gretter-y-corinthians-cerraron-con-subcampeonato\/","title":{"rendered":"Gretter y Corinthians cerraron con subcampeonato"},"content":{"rendered":"<p>Melisa Gretter y el Corinthians obtuvieron el subcampeonato en la Liga de B\u00e1squet Femenino de Brasil. El conjunto de la jugadora rafaelina cay\u00f3 en el cuarto punto de la final por 78 a 50, y el Sampaio se qued\u00f3 con el t\u00edtulo por 3 a 1. En este encuentro, Meli no pudo convertir puntos en 26 minutos en cancha.<br \/>\nEn esta serie por el campeonato Corinthians perdi\u00f3 los dos primeros dos partidos, como local, por 81-58 y 83-66, quedando demasiado inc\u00f3modo. Si bien gan\u00f3 el tercero (60-52), no alcanz\u00f3 luego para forzar un quinto juego.<br \/>\nDe esta manera, se termina una temporada que dej\u00f3 un saldo de dos t\u00edtulos para el Corinthians de Gretter: la Liga Sudamericana y el Campeonato Estadual, fueron los logros que las paulistas pudieron celebrar durante la 2015-16.<br \/>\nAhora la rafaelina ya quedar\u00e1 a disposici\u00f3n de la selecci\u00f3n argentina, que retomar\u00e1 los entrenamientos el 9 de mayo. Del 21 al 27 de dicho mes se disputar\u00e1 en Barquisimeto, Venezuela, el Sudamericano, y ya en junio se vendr\u00e1 el Repechaje Ol\u00edmpico en Nantes, Francia.<\/p>\n","protected":false},"excerpt":{"rendered":"<p>Melisa Gretter y el Corinthians obtuvieron el subcampeonato en la Liga de B\u00e1squet Femenino de Brasil. El conjunto de la<\/p>\n","protected":false},"author":2,"featured_media":602,"comment_status":"open","ping_status":"open","sticky":false,"template":"","format":"standard","meta":{"footnotes":""},"categories":[5],"tags":[],"class_list":["post-601","post","type-post","status-publish","format-standard","has-post-thumbnail","hentry","category-basquet"],"cc_featured_image_caption":{"caption_text":"Melisa Gretter culmin\u00f3 la temporada en Brasil.","source_text":"","source_url":""},"_links":{"self":[{"href":"https:\/\/todoapulmon-rafaela.com\/index.php\/wp-json\/wp\/v2\/posts\/601"}],"collection":[{"href":"https:\/\/todoapulmon-rafaela.com\/index.php\/wp-json\/wp\/v2\/posts"}],"about":[{"href":"https:\/\/todoapulmon-rafaela.com\/index.php\/wp-json\/wp\/v2\/types\/post"}],"author":[{"embeddable":true,"href":"https:\/\/todoapulmon-rafaela.com\/index.php\/wp-json\/wp\/v2\/users\/2"}],"replies":[{"embeddable":true,"href":"https:\/\/todoapulmon-rafaela.com\/index.php\/wp-json\/wp\/v2\/comments?post=601"}],"version-history":[{"count":1,"href":"https:\/\/todoapulmon-rafaela.com\/index.php\/wp-json\/wp\/v2\/posts\/601\/revisions"}],"predecessor-version":[{"id":603,"href":"https:\/\/todoapulmon-rafaela.com\/index.php\/wp-json\/wp\/v2\/posts\/601\/revisions\/603"}],"wp:featuredmedia":[{"embeddable":true,"href":"https:\/\/todoapulmon-rafaela.com\/index.php\/wp-json\/wp\/v2\/media\/602"}],"wp:attachment":[{"href":"https:\/\/todoapulmon-rafaela.com\/index.php\/wp-json\/wp\/v2\/media?parent=601"}],"wp:term":[{"taxonomy":"category","embeddable":true,"href":"https:\/\/todoapulmon-rafaela.com\/index.php\/wp-json\/wp\/v2\/categories?post=601"},{"taxonomy":"post_tag","embeddable":true,"href":"https:\/\/todoapulmon-rafaela.com\/index.php\/wp-json\/wp\/v2\/tags?post=601"}],"curies":[{"name":"wp","href":"https:\/\/api.w.org\/{rel}","templated":true}]}}