{"id":59950,"date":"2025-09-14T21:25:18","date_gmt":"2025-09-14T21:25:18","guid":{"rendered":"https:\/\/todoapulmon-rafaela.com\/?p=59950"},"modified":"2025-09-15T00:22:28","modified_gmt":"2025-09-15T00:22:28","slug":"fredes-y-fagnani-los-campeones-de-ruta-en-los-jadar","status":"publish","type":"post","link":"https:\/\/todoapulmon-rafaela.com\/index.php\/2025\/09\/14\/fredes-y-fagnani-los-campeones-de-ruta-en-los-jadar\/","title":{"rendered":"Fredes y Fagnani los campeones de Ruta en los JADAR"},"content":{"rendered":"<p>La fiesta de los Juegos JADAR a trav\u00e9s del ciclismo lleg\u00f3 a su fin este domingo con las competencias de Ruta en la Variante Rafaela, donde a las 8.10 de la ma\u00f1ana 42 corredores encararon el duro de recorrido de 120 kil\u00f3metros en el circuito especialmente estipulado en la 34.<\/p>\n<p>Casi tres horas despu\u00e9s el bonaerense Sergio Fredes cruz\u00f3 la meta como ganador, en apretada definici\u00f3n con el sanjuanino Angel Oropel. El podio lo complet\u00f3 el mendocino Facundo Ambrossi, siendo 20 los pedalistas que pudieron completar el recorrido.<\/p>\n<p><img loading=\"lazy\" decoding=\"async\" class=\"alignnone size-full wp-image-59953\" src=\"https:\/\/todoapulmon-rafaela.com\/wp-content\/uploads\/2025\/09\/P1580355_resultado.jpg\" alt=\"\" width=\"1600\" height=\"1200\" srcset=\"https:\/\/todoapulmon-rafaela.com\/wp-content\/uploads\/2025\/09\/P1580355_resultado.jpg 1600w, https:\/\/todoapulmon-rafaela.com\/wp-content\/uploads\/2025\/09\/P1580355_resultado-300x225.jpg 300w, https:\/\/todoapulmon-rafaela.com\/wp-content\/uploads\/2025\/09\/P1580355_resultado-1536x1152.jpg 1536w\" sizes=\"(max-width: 1600px) 100vw, 1600px\" \/><\/p>\n<p>El tiempo de Fredes fue 2h 29m 25s. La competencia no tuvo demasiados golpes de escena, ya que bonaerenses y cuyanos estuvieron mayoritariamente en la punta. El rafaelino Jos\u00e9 Leandri intent\u00f3 darles pelea, pero se vio obligado a abandonar cuando restaban tres vueltas.<\/p>\n<p>De nuestra ciudad tambi\u00e9n participaron Germ\u00e1n Leandri, Cristian Pernuzzi y Gabriel Durando.<\/p>\n<p><strong>FAGNANI EN DAMAS<\/strong><\/p>\n<p>En cuanto a la prueba de Ruta para Damas, sobre 80 kil\u00f3metros, la vencedora fue Agostina Fagnani, de Entre R\u00edos. Su tiempo fue de 1h 54m 28s, seguida por la bonaerense Valentina Luna con 1h 55m 38s y la sanjuanina Maribel Aguirre, que complet\u00f3 el podio.<\/p>\n<p><img loading=\"lazy\" decoding=\"async\" class=\"alignnone size-full wp-image-59954\" src=\"https:\/\/todoapulmon-rafaela.com\/wp-content\/uploads\/2025\/09\/Super-Mundo4.jpg\" alt=\"\" width=\"900\" height=\"1600\" srcset=\"https:\/\/todoapulmon-rafaela.com\/wp-content\/uploads\/2025\/09\/Super-Mundo4.jpg 900w, https:\/\/todoapulmon-rafaela.com\/wp-content\/uploads\/2025\/09\/Super-Mundo4-169x300.jpg 169w, https:\/\/todoapulmon-rafaela.com\/wp-content\/uploads\/2025\/09\/Super-Mundo4-844x1500.jpg 844w, https:\/\/todoapulmon-rafaela.com\/wp-content\/uploads\/2025\/09\/Super-Mundo4-864x1536.jpg 864w\" sizes=\"(max-width: 900px) 100vw, 900px\" \/><\/p>\n<p>Fueron 33 las competidoras que largaron la prueba, entre ellas la rafaelina Ayl\u00e9n Salti y 26 las que pudieron culminarla.<\/p>\n<p>Cabe mencionar que en la competencia de Ciclismo Adaptado de la categor\u00eda C5 el rafaelino Germ\u00e1n Chiaraviglio obtuvo la medalla de bronce.<\/p>\n<p><strong>RUTA PELOT\u00d3N ADAPTADO MASCULINO MODALIDAD C3<\/strong><br \/>\n3.\u00ba Gustavo Adolfo L\u00f3pez (Santa Fe)<br \/>\n2.\u00ba Joel Pablo Dar\u00edo Galv\u00e1n Ag\u00fcero (San Juan)<br \/>\n1.\u00ba Sim\u00f3n Mazzante (Bs As)<\/p>\n<p><strong>RUTA PELOT\u00d3N ADAPTADO MASCULINO MODALIDAD C4<\/strong><br \/>\n3.\u00ba David Francisco Maldonado (San Juan)<br \/>\n2.\u00ba Pablo Daniel Singolani (C\u00f3rdoba)<br \/>\n1.\u00ba Leandro Federico Ambrossi Ramos (Mendoza)<\/p>\n<p><strong>RUTA PELOT\u00d3N ADAPTADO MASCULINO MODALIDAD C5<\/strong><br \/>\n3.\u00ba Germ\u00e1n Dar\u00edo Chiaraviglio (Sta. Fe)<br \/>\n2.\u00ba Ignacio Daniel Arnau (Cba.)<br \/>\n1.\u00ba Sebasti\u00e1n Ezequiel Almir\u00f3n (Bs. As.)<\/p>\n<p><strong>RUTA PELOT\u00d3N ADAPTADO MASCULINO MODALIDAD T\u00c1NDEM<\/strong><br \/>\n3.\u00ba Alfredo Ram\u00f3n Tejada &#8211; Ulises \u00c1lvarez (San Juan)<br \/>\n2.\u00ba Jos\u00e9 Mariano Ponce &#8211; Mariano Ponce (Cba.)<br \/>\n1.\u00ba Maximiliano Nicolas P\u00e9rez Garc\u00eda &#8211; William Quintero (San Juan)<\/p>\n","protected":false},"excerpt":{"rendered":"<p>La fiesta de los Juegos JADAR a trav\u00e9s del ciclismo lleg\u00f3 a su fin este domingo con las competencias de<\/p>\n","protected":false},"author":2,"featured_media":59952,"comment_status":"closed","ping_status":"closed","sticky":false,"template":"","format":"standard","meta":{"footnotes":""},"categories":[4,24],"tags":[],"class_list":["post-59950","post","type-post","status-publish","format-standard","has-post-thumbnail","hentry","category-ciclismo","category-noticias-destacadas"],"cc_featured_image_caption":{"caption_text":"","source_text":"","source_url":""},"_links":{"self":[{"href":"https:\/\/todoapulmon-rafaela.com\/index.php\/wp-json\/wp\/v2\/posts\/59950"}],"collection":[{"href":"https:\/\/todoapulmon-rafaela.com\/index.php\/wp-json\/wp\/v2\/posts"}],"about":[{"href":"https:\/\/todoapulmon-rafaela.com\/index.php\/wp-json\/wp\/v2\/types\/post"}],"author":[{"embeddable":true,"href":"https:\/\/todoapulmon-rafaela.com\/index.php\/wp-json\/wp\/v2\/users\/2"}],"replies":[{"embeddable":true,"href":"https:\/\/todoapulmon-rafaela.com\/index.php\/wp-json\/wp\/v2\/comments?post=59950"}],"version-history":[{"count":4,"href":"https:\/\/todoapulmon-rafaela.com\/index.php\/wp-json\/wp\/v2\/posts\/59950\/revisions"}],"predecessor-version":[{"id":59968,"href":"https:\/\/todoapulmon-rafaela.com\/index.php\/wp-json\/wp\/v2\/posts\/59950\/revisions\/59968"}],"wp:featuredmedia":[{"embeddable":true,"href":"https:\/\/todoapulmon-rafaela.com\/index.php\/wp-json\/wp\/v2\/media\/59952"}],"wp:attachment":[{"href":"https:\/\/todoapulmon-rafaela.com\/index.php\/wp-json\/wp\/v2\/media?parent=59950"}],"wp:term":[{"taxonomy":"category","embeddable":true,"href":"https:\/\/todoapulmon-rafaela.com\/index.php\/wp-json\/wp\/v2\/categories?post=59950"},{"taxonomy":"post_tag","embeddable":true,"href":"https:\/\/todoapulmon-rafaela.com\/index.php\/wp-json\/wp\/v2\/tags?post=59950"}],"curies":[{"name":"wp","href":"https:\/\/api.w.org\/{rel}","templated":true}]}}