{"id":59918,"date":"2025-09-13T22:57:59","date_gmt":"2025-09-13T22:57:59","guid":{"rendered":"https:\/\/todoapulmon-rafaela.com\/?p=59918"},"modified":"2025-09-14T00:33:49","modified_gmt":"2025-09-14T00:33:49","slug":"natalia-vera-y-un-oro-especial-ante-su-gente","status":"publish","type":"post","link":"https:\/\/todoapulmon-rafaela.com\/index.php\/2025\/09\/13\/natalia-vera-y-un-oro-especial-ante-su-gente\/","title":{"rendered":"Natalia Vera y un oro especial ante su gente"},"content":{"rendered":"<p>Todo el calor de las Juegos JADAR se traslad\u00f3 este s\u00e1bado al vel\u00f3dromo \u00abH\u00e9ctor Cassina\u00bb donde se desarrollaron las modalidades en pista.<\/p>\n<p>Y quien se regal\u00f3 una gran alegr\u00eda fue Natalia Vera, que se impuso con claridad en el Keirin de la categor\u00eda femenina. La santiague\u00f1a radicada hace varios a\u00f1os en Rafaela se mostr\u00f3 muy feliz de recibir el caluroso aplauso del p\u00fablico como premio a su gran performance.<\/p>\n<p>La especialidad se desarroll\u00f3 en tres matchs durante la jornada y en la tarde tuvo su definici\u00f3n. Nati gan\u00f3 los tres, sumando 15 puntos, quedando segunda su compa\u00f1era Daniela Agretti. El Keirin masculino fue para Juan Rodriguez, de Buenos Aires, seguido por el ca\u00f1adense Alejo Betique, representante de nuestra provincia.<\/p>\n<p><img loading=\"lazy\" decoding=\"async\" class=\"alignnone size-full wp-image-59936\" src=\"https:\/\/todoapulmon-rafaela.com\/wp-content\/uploads\/2025\/09\/IMG-20250912-WA0007.jpg\" alt=\"\" width=\"900\" height=\"1600\" srcset=\"https:\/\/todoapulmon-rafaela.com\/wp-content\/uploads\/2025\/09\/IMG-20250912-WA0007.jpg 900w, https:\/\/todoapulmon-rafaela.com\/wp-content\/uploads\/2025\/09\/IMG-20250912-WA0007-169x300.jpg 169w, https:\/\/todoapulmon-rafaela.com\/wp-content\/uploads\/2025\/09\/IMG-20250912-WA0007-844x1500.jpg 844w, https:\/\/todoapulmon-rafaela.com\/wp-content\/uploads\/2025\/09\/IMG-20250912-WA0007-864x1536.jpg 864w\" sizes=\"(max-width: 900px) 100vw, 900px\" \/><\/p>\n<p>La otra prueba fue el Omniun, en sus distintas modalidades, donde tras la sumatoria de puntos quedaron\u00a0 consagrados Facundo Ambrossi, de Mendoza en varones, y Valentina Luna, de Buenos Aires, en mujeres, que le gan\u00f3 apenas por un punto (157 a 156) a la sanjuanina Maribel Aguirre.<\/p>\n<p>Cabe mencionar la participaci\u00f3n del rafaelino Jos\u00e9 Leandri en el omniun quedando und\u00e9cimo.<\/p>\n<p><strong>PODIO EN ADAPTADO<\/strong><\/p>\n<p>Otro representante local que obtuvo medallas fue Germ\u00e1n Chiaraviglio, en este caso de plata en el ciclismo Adaptado de la categor\u00eda C5.<\/p>\n<p><strong>KERIN FEMENINO<\/strong><br \/>\n3.\u00ba Milagros Johana Sanabria (Entre R\u00edos)<br \/>\n2.\u00ba Daniela Soledad Agretti (Sta. Fe)<br \/>\n<strong>1.\u00ba Natalia Andrea Vera (Sta. Fe)<\/strong><\/p>\n<p><strong>KERIN MASCULINO<\/strong><br \/>\n3.\u00ba I\u00f1aki Serrano Espert (Cba.)<br \/>\n2.\u00ba Alejo Betique (Sta. Fe)<br \/>\n<strong>1.\u00ba Juan Bautista Rodr\u00edguez (Bs. As.)<\/strong><\/p>\n<p><img loading=\"lazy\" decoding=\"async\" class=\"alignnone size-full wp-image-59924\" src=\"https:\/\/todoapulmon-rafaela.com\/wp-content\/uploads\/2025\/09\/P1580269_resultado.jpg\" alt=\"\" width=\"1600\" height=\"1200\" srcset=\"https:\/\/todoapulmon-rafaela.com\/wp-content\/uploads\/2025\/09\/P1580269_resultado.jpg 1600w, https:\/\/todoapulmon-rafaela.com\/wp-content\/uploads\/2025\/09\/P1580269_resultado-300x225.jpg 300w, https:\/\/todoapulmon-rafaela.com\/wp-content\/uploads\/2025\/09\/P1580269_resultado-1536x1152.jpg 1536w\" sizes=\"(max-width: 1600px) 100vw, 1600px\" \/><\/p>\n<p><strong>OMNIUN FEMENINO<\/strong><br \/>\n3.\u00ba Abril Guadalupe Garzon (Neuqu\u00e9n)<br \/>\n2.\u00ba Maribel Roxana Aguirre Mangue (San Juan)<br \/>\n<strong>1.\u00ba Valentina Luna (Buenos Aires)<\/strong><\/p>\n<p><strong>OMNIUN MASCULINO<\/strong><br \/>\n3.\u00ba Ramiro Joaqu\u00edn Videla Paez (La Pampa)<br \/>\n2.\u00ba Lisandro Mateo Bravo (San Juan)<br \/>\n<strong>1.\u00ba Facundo Nicol\u00e1s Ambrossi Ramos (Mendoza)<\/strong><\/p>\n<p><strong>KIL\u00d3METRO ADAPTADO MASCULINO MODALIDAD C5<\/strong><br \/>\n3.\u00ba Sebasti\u00e1n Ezequiel Almir\u00f3n (Bs. As.)<br \/>\n2.\u00ba Germ\u00e1n Dar\u00edo Chiaraviglio (Sta. Fe)<br \/>\n<strong>1.\u00ba Ignacio Daniel Arnau (Cba.)<\/strong><\/p>\n<p><img loading=\"lazy\" decoding=\"async\" class=\"alignnone size-full wp-image-59925\" src=\"https:\/\/todoapulmon-rafaela.com\/wp-content\/uploads\/2025\/09\/P1580224_resultado.jpg\" alt=\"\" width=\"1600\" height=\"1200\" srcset=\"https:\/\/todoapulmon-rafaela.com\/wp-content\/uploads\/2025\/09\/P1580224_resultado.jpg 1600w, https:\/\/todoapulmon-rafaela.com\/wp-content\/uploads\/2025\/09\/P1580224_resultado-300x225.jpg 300w, https:\/\/todoapulmon-rafaela.com\/wp-content\/uploads\/2025\/09\/P1580224_resultado-1536x1152.jpg 1536w\" sizes=\"(max-width: 1600px) 100vw, 1600px\" \/><\/p>\n<p><strong>KIL\u00d3METRO ADAPTADO MASCULINO MODALIDAD T\u00c1NDEM<\/strong><br \/>\n3.\u00ba Alfredo Ram\u00f3n Tejada &#8211; Ulises \u00c1lvarez (San Juan)<br \/>\n2.\u00ba Jos\u00e9 Mariano Ponce &#8211; Mariano Ponce (Cba.)<br \/>\n<strong>1.\u00ba Maximiliano Nicolas P\u00e9rez Garc\u00eda &#8211; William Quintero (San Juan)<\/strong><\/p>\n<p><strong>PERSECUCI\u00d3N PISTA ADAPTADO MASCULINO MODALIDAD T\u00c1NDEM<\/strong><br \/>\n3.\u00ba Jos\u00e9 Mariano Ponce &#8211; Mariano Ponce (Cba.)<br \/>\n2.\u00ba Alfredo Ram\u00f3n Tejada &#8211; Ulises \u00c1lvarez (San Juan)<br \/>\n1.\u00ba Maximiliano Nicol\u00e1s P\u00e9rez Garc\u00eda &#8211; William Quintero (San Juan).<\/p>\n","protected":false},"excerpt":{"rendered":"<p>Todo el calor de las Juegos JADAR se traslad\u00f3 este s\u00e1bado al vel\u00f3dromo \u00abH\u00e9ctor Cassina\u00bb donde se desarrollaron las modalidades<\/p>\n","protected":false},"author":2,"featured_media":59921,"comment_status":"closed","ping_status":"closed","sticky":false,"template":"","format":"standard","meta":{"footnotes":""},"categories":[4,24],"tags":[],"class_list":["post-59918","post","type-post","status-publish","format-standard","has-post-thumbnail","hentry","category-ciclismo","category-noticias-destacadas"],"cc_featured_image_caption":{"caption_text":"Nati Vera, ganadora del Keirin.","source_text":"","source_url":""},"_links":{"self":[{"href":"https:\/\/todoapulmon-rafaela.com\/index.php\/wp-json\/wp\/v2\/posts\/59918"}],"collection":[{"href":"https:\/\/todoapulmon-rafaela.com\/index.php\/wp-json\/wp\/v2\/posts"}],"about":[{"href":"https:\/\/todoapulmon-rafaela.com\/index.php\/wp-json\/wp\/v2\/types\/post"}],"author":[{"embeddable":true,"href":"https:\/\/todoapulmon-rafaela.com\/index.php\/wp-json\/wp\/v2\/users\/2"}],"replies":[{"embeddable":true,"href":"https:\/\/todoapulmon-rafaela.com\/index.php\/wp-json\/wp\/v2\/comments?post=59918"}],"version-history":[{"count":4,"href":"https:\/\/todoapulmon-rafaela.com\/index.php\/wp-json\/wp\/v2\/posts\/59918\/revisions"}],"predecessor-version":[{"id":59938,"href":"https:\/\/todoapulmon-rafaela.com\/index.php\/wp-json\/wp\/v2\/posts\/59918\/revisions\/59938"}],"wp:featuredmedia":[{"embeddable":true,"href":"https:\/\/todoapulmon-rafaela.com\/index.php\/wp-json\/wp\/v2\/media\/59921"}],"wp:attachment":[{"href":"https:\/\/todoapulmon-rafaela.com\/index.php\/wp-json\/wp\/v2\/media?parent=59918"}],"wp:term":[{"taxonomy":"category","embeddable":true,"href":"https:\/\/todoapulmon-rafaela.com\/index.php\/wp-json\/wp\/v2\/categories?post=59918"},{"taxonomy":"post_tag","embeddable":true,"href":"https:\/\/todoapulmon-rafaela.com\/index.php\/wp-json\/wp\/v2\/tags?post=59918"}],"curies":[{"name":"wp","href":"https:\/\/api.w.org\/{rel}","templated":true}]}}