{"id":59816,"date":"2025-09-11T11:53:27","date_gmt":"2025-09-11T11:53:27","guid":{"rendered":"https:\/\/todoapulmon-rafaela.com\/?p=59816"},"modified":"2025-09-11T11:53:54","modified_gmt":"2025-09-11T11:53:54","slug":"las-presencias-rafaelinas-en-los-juegos-jadar","status":"publish","type":"post","link":"https:\/\/todoapulmon-rafaela.com\/index.php\/2025\/09\/11\/las-presencias-rafaelinas-en-los-juegos-jadar\/","title":{"rendered":"Las presencias rafaelinas en los Juegos JADAR"},"content":{"rendered":"<p>Con el desarrollo de las primeras competencias en Rosario y Santa Fe, y la espera del ciclismo este fin de semana en Rafaela, ya se vive a pleno en nuestra provincia la primera edici\u00f3n de los Juegos JADAR.<\/p>\n<p>En tal sentido, la delegaci\u00f3n santafesina tiene la presencia de varios deportistas de Rafaela.<\/p>\n<p>Aqu\u00ed el detalle:<\/p>\n<p>Atletismo: <strong>Tom\u00e1s Mondino.<\/strong><\/p>\n<p>Handball: <strong>Sof\u00eda Mayo.<\/strong><\/p>\n<p>Boxeo: <strong>Dana Naira Astudillo y Adolfo Sp\u00f3sito.<\/strong><\/p>\n<p>Ciclismo: <strong>Luisina Simondi, Melani Durando, Natalia Vera, Lucas Peretti, Jos\u00e9 Leandri, Ayl\u00e9n Salti, Germ\u00e1n Leandri, Cristian Pernuzzi, Gabriel Durando.<\/strong><\/p>\n<p><img loading=\"lazy\" decoding=\"async\" class=\"alignnone size-full wp-image-59818\" src=\"https:\/\/todoapulmon-rafaela.com\/wp-content\/uploads\/2025\/09\/Screenshot_20250911-084655_Instagram.jpg\" alt=\"\" width=\"720\" height=\"529\" srcset=\"https:\/\/todoapulmon-rafaela.com\/wp-content\/uploads\/2025\/09\/Screenshot_20250911-084655_Instagram.jpg 720w, https:\/\/todoapulmon-rafaela.com\/wp-content\/uploads\/2025\/09\/Screenshot_20250911-084655_Instagram-300x220.jpg 300w\" sizes=\"(max-width: 720px) 100vw, 720px\" \/><\/p>\n<p>Golf: <strong>Juana Bocchetto, Luc\u00eda Bocchetto, Lola Llodra.<\/strong><\/p>\n<p>Tenis: <strong>Thiago Torasso.<\/strong><\/p>\n<p>Ciclismo Adaptado: <strong>Germ\u00e1n Chiaraviglio.<\/strong><\/p>\n","protected":false},"excerpt":{"rendered":"<p>Con el desarrollo de las primeras competencias en Rosario y Santa Fe, y la espera del ciclismo este fin de<\/p>\n","protected":false},"author":2,"featured_media":59817,"comment_status":"closed","ping_status":"closed","sticky":false,"template":"","format":"standard","meta":{"footnotes":""},"categories":[24],"tags":[],"class_list":["post-59816","post","type-post","status-publish","format-standard","has-post-thumbnail","hentry","category-noticias-destacadas"],"cc_featured_image_caption":{"caption_text":"El tenista Thiago Torasso es uno de los integrantes de la delegaci\u00f3n.","source_text":"","source_url":""},"_links":{"self":[{"href":"https:\/\/todoapulmon-rafaela.com\/index.php\/wp-json\/wp\/v2\/posts\/59816"}],"collection":[{"href":"https:\/\/todoapulmon-rafaela.com\/index.php\/wp-json\/wp\/v2\/posts"}],"about":[{"href":"https:\/\/todoapulmon-rafaela.com\/index.php\/wp-json\/wp\/v2\/types\/post"}],"author":[{"embeddable":true,"href":"https:\/\/todoapulmon-rafaela.com\/index.php\/wp-json\/wp\/v2\/users\/2"}],"replies":[{"embeddable":true,"href":"https:\/\/todoapulmon-rafaela.com\/index.php\/wp-json\/wp\/v2\/comments?post=59816"}],"version-history":[{"count":1,"href":"https:\/\/todoapulmon-rafaela.com\/index.php\/wp-json\/wp\/v2\/posts\/59816\/revisions"}],"predecessor-version":[{"id":59819,"href":"https:\/\/todoapulmon-rafaela.com\/index.php\/wp-json\/wp\/v2\/posts\/59816\/revisions\/59819"}],"wp:featuredmedia":[{"embeddable":true,"href":"https:\/\/todoapulmon-rafaela.com\/index.php\/wp-json\/wp\/v2\/media\/59817"}],"wp:attachment":[{"href":"https:\/\/todoapulmon-rafaela.com\/index.php\/wp-json\/wp\/v2\/media?parent=59816"}],"wp:term":[{"taxonomy":"category","embeddable":true,"href":"https:\/\/todoapulmon-rafaela.com\/index.php\/wp-json\/wp\/v2\/categories?post=59816"},{"taxonomy":"post_tag","embeddable":true,"href":"https:\/\/todoapulmon-rafaela.com\/index.php\/wp-json\/wp\/v2\/tags?post=59816"}],"curies":[{"name":"wp","href":"https:\/\/api.w.org\/{rel}","templated":true}]}}