{"id":59681,"date":"2025-09-05T15:59:31","date_gmt":"2025-09-05T15:59:31","guid":{"rendered":"https:\/\/todoapulmon-rafaela.com\/?p=59681"},"modified":"2025-09-05T15:59:31","modified_gmt":"2025-09-05T15:59:31","slug":"siempre-tuvimos-el-no-pero-nosotros-le-dijimos-si","status":"publish","type":"post","link":"https:\/\/todoapulmon-rafaela.com\/index.php\/2025\/09\/05\/siempre-tuvimos-el-no-pero-nosotros-le-dijimos-si\/","title":{"rendered":"\u201cSiempre tuvimos el \u2018no\u2019, pero nosotros le dijimos \u2018si\u2019\u201d"},"content":{"rendered":"<p><strong>(Por Dar\u00edo Guti\u00e9rrez).<\/strong> Como todo buen uruguayo, Carlos P\u00e1ez se sent\u00f3 en una de las sillas del auditorio del Hotel Parra con su termo y el mate. En su segunda visita a Rafaela, destac\u00f3 nuevamente la amabilidad y la cordialidad de la dirigencia y amigos del C\u00edrculo Rafaelino de Rugby, que inaugur\u00f3 con su Conferencia los festejos por el 50 Aniversario del Seven.<\/p>\n<p>Este sobreviviente de la ya c\u00e9lebre historia de la tragedia de los rugbiers uruguayos en la Cordillera de Los Andes, que comenz\u00f3 el 13 de octubre de 1972 cuando el avi\u00f3n que los transportaba a un torneo en Chile se estrell\u00f3 y culmin\u00f3 casi llegando la Navidad de ese a\u00f1o, tuvo un contacto con medios de prensa en la ma\u00f1ana de este viernes, mientras que a la noche brindar\u00e1 su Conferencia al p\u00fablico en el Cine Belgrano \u201cM\u00e1s all\u00e1 de la Sociedad de la Nieve\u201d, en referencia a la laureada pel\u00edcula del Director espa\u00f1ol Juan Antonio Bayona, que en 2023 le dio mayor trascendencia a la haza\u00f1a.<\/p>\n<p>La introducci\u00f3n estuvo a cargo de Marcelo Salamano, a cargo de la Comisi\u00f3n organizadora, y de Leonardo Crosetti, presidente del CRAR.<\/p>\n<p>\u201cEs el inicio de algo muy importante para nosotros, que nos va a permitir mostrar lo que es el Seven, sino tambi\u00e9n lo que es el CRAR, que no es solo rugby y hockey, sino que son historias, ense\u00f1anzas, aprendizajes, estilos de vida que nosotros elegimos\u201d, expres\u00f3 el titular de la instituci\u00f3n Verde, para luego dejar a P\u00e1ez responder las inquietudes de la prensa.<\/p>\n<p>\u201cEs una historia realmente extraordinaria que nos toc\u00f3 vivir, pero protagonizada por gente com\u00fan. Pero no son m\u00e9ritos m\u00edos, sino un m\u00e9rito del ser humano, que tiene esta capacidad de evolucionar y transformarse a lo largo de 70 dias, que es mucho tiempo en estas condiciones, sin recursos. Es una historia que sigue tan vigente como al principio\u201d, expres\u00f3 en su introducci\u00f3n.<\/p>\n<blockquote class=\"instagram-media\" style=\"background: #FFF;border: 0;border-radius: 3px;margin: 1px;max-width: 540px;min-width: 326px;padding: 0;width: calc(100% - 2px)\" data-instgrm-captioned=\"\" data-instgrm-permalink=\"https:\/\/www.instagram.com\/reel\/DOOUCebke0o\/?utm_source=ig_embed&amp;utm_campaign=loading\" data-instgrm-version=\"14\">\n<div style=\"padding: 16px\">\n<p>&nbsp;<\/p>\n<div style=\"flex-direction: row;align-items: center\">\n<div style=\"background-color: #f4f4f4;border-radius: 50%;flex-grow: 0;height: 40px;margin-right: 14px;width: 40px\"><\/div>\n<div style=\"flex-direction: column;flex-grow: 1;justify-content: center\">\n<div style=\"background-color: #f4f4f4;border-radius: 4px;flex-grow: 0;height: 14px;margin-bottom: 6px;width: 100px\"><\/div>\n<div style=\"background-color: #f4f4f4;border-radius: 4px;flex-grow: 0;height: 14px;width: 60px\"><\/div>\n<\/div>\n<\/div>\n<div style=\"padding: 19% 0\"><\/div>\n<div style=\"height: 50px;margin: 0 auto 12px;width: 50px\"><\/div>\n<div style=\"padding-top: 8px\">\n<div style=\"color: #3897f0;font-family: Arial,sans-serif;font-size: 14px;font-style: normal;font-weight: 550;line-height: 18px\">Ver esta publicaci\u00f3n en Instagram<\/div>\n<\/div>\n<div style=\"padding: 12.5% 0\"><\/div>\n<div style=\"flex-direction: row;margin-bottom: 14px;align-items: center\">\n<div>\n<div style=\"background-color: #f4f4f4;border-radius: 50%;height: 12.5px;width: 12.5px\"><\/div>\n<div style=\"background-color: #f4f4f4;height: 12.5px;width: 12.5px;flex-grow: 0;margin-right: 14px;margin-left: 2px\"><\/div>\n<div style=\"background-color: #f4f4f4;border-radius: 50%;height: 12.5px;width: 12.5px\"><\/div>\n<\/div>\n<div style=\"margin-left: 8px\">\n<div style=\"background-color: #f4f4f4;border-radius: 50%;flex-grow: 0;height: 20px;width: 20px\"><\/div>\n<div style=\"width: 0;height: 0;border-top: 2px solid transparent;border-left: 6px solid #f4f4f4;border-bottom: 2px solid transparent\"><\/div>\n<\/div>\n<div style=\"margin-left: auto\">\n<div style=\"width: 0px;border-top: 8px solid #F4F4F4;border-right: 8px solid transparent\"><\/div>\n<div style=\"background-color: #f4f4f4;flex-grow: 0;height: 12px;width: 16px\"><\/div>\n<div style=\"width: 0;height: 0;border-top: 8px solid #F4F4F4;border-left: 8px solid transparent\"><\/div>\n<\/div>\n<\/div>\n<div style=\"flex-direction: column;flex-grow: 1;justify-content: center;margin-bottom: 24px\">\n<div style=\"background-color: #f4f4f4;border-radius: 4px;flex-grow: 0;height: 14px;margin-bottom: 6px;width: 224px\"><\/div>\n<div style=\"background-color: #f4f4f4;border-radius: 4px;flex-grow: 0;height: 14px;width: 144px\"><\/div>\n<\/div>\n<p>&nbsp;<\/p>\n<p style=\"color: #c9c8cd;font-family: Arial,sans-serif;font-size: 14px;line-height: 17px;margin-bottom: 0;margin-top: 8px;overflow: hidden;padding: 8px 0 7px;text-align: center\"><a style=\"color: #c9c8cd;font-family: Arial,sans-serif;font-size: 14px;font-style: normal;font-weight: normal;line-height: 17px;text-decoration: none\" href=\"https:\/\/www.instagram.com\/reel\/DOOUCebke0o\/?utm_source=ig_embed&amp;utm_campaign=loading\" target=\"_blank\" rel=\"noopener\">Una publicaci\u00f3n compartida de Revista Todo a Pulm\u00f3n (@revistatodoapulmon2062)<\/a><\/p>\n<\/div>\n<\/blockquote>\n<p>Para poner en contexto, record\u00f3 que \u201cen ese tiempo en mi casa ten\u00eda ni\u00f1era, me llevaban el desayuno en la cama, nunca hab\u00eda tenido hambre ni fr\u00edo, y de pronto te toca vivir una situaci\u00f3n como esa y salir adelante\u201d.<\/p>\n<p>Para P\u00e1ez, uno de los secretos de la supervivencia del grupo fue que \u201cnosotros cumplimos con el proceso, ahora en el mundo de la inmediatez, el proceso es necesario. Nuestra historia es la mas grande de supervivencia del ser humano, porque \u00e9ramos gente com\u00fan que vivimos 70 d\u00edas en condiciones infrahumanas y pudimos salir adelante\u201d.<\/p>\n<p>&nbsp;<\/p>\n<p>En una de las respuestas, tambi\u00e9n aclar\u00f3 una creencia sobre c\u00f3mo se dio el principio del final de la historia, cuando pueden volver a la \u201ccivilizaci\u00f3n\u201d.<\/p>\n<p>\u201cNosotros encontramos a los helic\u00f3pteros o al arriero, es una gran mentira que el arriero (Sergio Catal\u00e1n) nos encontr\u00f3. Filos\u00f3ficamente es salir a buscar las cosas, estamos acostumbrados a que las cosas se resuelven desde el otro lado. Pero nosotros demostramos que salimos a buscar los helic\u00f3pteros\u201d.<\/p>\n<p><strong>LO QUE LE APORTO EL RUGBY<\/strong><\/p>\n<p>El equipo de Old Christians de Montevideo fue su v\u00ednculo deportivo y ante nuestra consulta sobre lo que le hab\u00eda aportado este deporte en esos d\u00edas, mencion\u00f3 que \u201cel rugby fue la educaci\u00f3n, y el rugby es un deporte de humildad. Y nosotros cada noticia fue una lucha, cada vez que nos la cre\u00edmos Dios no peg\u00f3 un garrotazo. El accidente, la noticia que no te van a buscar m\u00e1s, las avalanchas, tomar la decisi\u00f3n de alimentarte de nuestros compa\u00f1eros. Siempre tuvimos el no pero al no le dijimos que si\u201d.<\/p>\n<p>Y luego acot\u00f3: \u201cCuando Parrado (Fernando) y Canessa (Roberto) llegan, en realidad ellos no hicieron el try, sino que lo hicimos todos porque ellos no caminaban solos. Era fruto del trabajo de los 16\u201d.<\/p>\n<p>No falt\u00f3 una consulta que P\u00e1ez debe haber respondido miles de veces en estos a\u00f1os. \u201cLa historia no la hizo famosa lo de la alimentaci\u00f3n, sino del trabajo de equipo, la toma de decisiones, la tolerancia a la frustraci\u00f3n, de adaptaci\u00f3n al cambio, pero eso sigue tan vigente\u201d, afirm\u00f3 el hoy laureado conferecista y autor de los libros \u201cDespu\u00e9s del d\u00eda 10\u201d y \u201cDesde la Cordillera del Alma\u201d.<\/p>\n","protected":false},"excerpt":{"rendered":"<p>(Por Dar\u00edo Guti\u00e9rrez). Como todo buen uruguayo, Carlos P\u00e1ez se sent\u00f3 en una de las sillas del auditorio del Hotel<\/p>\n","protected":false},"author":2,"featured_media":59682,"comment_status":"closed","ping_status":"closed","sticky":false,"template":"","format":"standard","meta":{"footnotes":""},"categories":[24],"tags":[],"class_list":["post-59681","post","type-post","status-publish","format-standard","has-post-thumbnail","hentry","category-noticias-destacadas"],"cc_featured_image_caption":{"caption_text":"","source_text":"","source_url":""},"_links":{"self":[{"href":"https:\/\/todoapulmon-rafaela.com\/index.php\/wp-json\/wp\/v2\/posts\/59681"}],"collection":[{"href":"https:\/\/todoapulmon-rafaela.com\/index.php\/wp-json\/wp\/v2\/posts"}],"about":[{"href":"https:\/\/todoapulmon-rafaela.com\/index.php\/wp-json\/wp\/v2\/types\/post"}],"author":[{"embeddable":true,"href":"https:\/\/todoapulmon-rafaela.com\/index.php\/wp-json\/wp\/v2\/users\/2"}],"replies":[{"embeddable":true,"href":"https:\/\/todoapulmon-rafaela.com\/index.php\/wp-json\/wp\/v2\/comments?post=59681"}],"version-history":[{"count":1,"href":"https:\/\/todoapulmon-rafaela.com\/index.php\/wp-json\/wp\/v2\/posts\/59681\/revisions"}],"predecessor-version":[{"id":59683,"href":"https:\/\/todoapulmon-rafaela.com\/index.php\/wp-json\/wp\/v2\/posts\/59681\/revisions\/59683"}],"wp:featuredmedia":[{"embeddable":true,"href":"https:\/\/todoapulmon-rafaela.com\/index.php\/wp-json\/wp\/v2\/media\/59682"}],"wp:attachment":[{"href":"https:\/\/todoapulmon-rafaela.com\/index.php\/wp-json\/wp\/v2\/media?parent=59681"}],"wp:term":[{"taxonomy":"category","embeddable":true,"href":"https:\/\/todoapulmon-rafaela.com\/index.php\/wp-json\/wp\/v2\/categories?post=59681"},{"taxonomy":"post_tag","embeddable":true,"href":"https:\/\/todoapulmon-rafaela.com\/index.php\/wp-json\/wp\/v2\/tags?post=59681"}],"curies":[{"name":"wp","href":"https:\/\/api.w.org\/{rel}","templated":true}]}}