{"id":59604,"date":"2025-09-01T10:37:44","date_gmt":"2025-09-01T10:37:44","guid":{"rendered":"https:\/\/todoapulmon-rafaela.com\/?p=59604"},"modified":"2025-09-01T10:49:05","modified_gmt":"2025-09-01T10:49:05","slug":"runnea-con-buena-participacion-en-los-21k-de-buenos-aires","status":"publish","type":"post","link":"https:\/\/todoapulmon-rafaela.com\/index.php\/2025\/09\/01\/runnea-con-buena-participacion-en-los-21k-de-buenos-aires\/","title":{"rendered":"RUNNEA con buena participaci\u00f3n en los 21k de Buenos Aires"},"content":{"rendered":"<p>El anterior fin de semana se corri\u00f3 la Media Marat\u00f3n de Buenos Aires 2025, una de las competencias m\u00e1s convocantes de Latinoam\u00e9rica, que reuni\u00f3 a miles de corredores en un recorrido emblem\u00e1tico por la ciudad.<\/p>\n<p>El grupo RUNNEA tuvo una buena participaci\u00f3n, mostrando compromiso, esfuerzo y superaci\u00f3n en los 21 kil\u00f3metros.<\/p>\n<p>Entre los resultados m\u00e1s sobresalientes se encuentra el de Gonzalo Armando, quien complet\u00f3 la prueba en 1h29m32s, ubic\u00e1ndose en el puesto general 1758 y 331\u00b0 en su categor\u00eda 30-34, logrando un excelente registro por debajo de la hora y media.<\/p>\n<p>Fernando Vianco tambi\u00e9n tuvo una gran actuaci\u00f3n con un tiempo de 1h37m28s, puesto 2963 en la general y 149\u00b0 en la categor\u00eda 50-54, al igual que Iv\u00e1n G\u00f3mez que marc\u00f3 1h37m37s.<\/p>\n<p>En la rama femenina, Anabel Leone cruz\u00f3 la meta en 1h54m06s, mientras que Analia Acevedo lo hizo en 1h53m02s, alcanzando el puesto 8500 de la general y 365\u00b0 en su categor\u00eda, demostrando regularidad y ritmo sostenido.<\/p>\n<p><img loading=\"lazy\" decoding=\"async\" class=\"alignnone size-full wp-image-59607\" src=\"https:\/\/todoapulmon-rafaela.com\/wp-content\/uploads\/2025\/09\/IMG-20250831-WA0015.jpg\" alt=\"\" width=\"1200\" height=\"1600\" srcset=\"https:\/\/todoapulmon-rafaela.com\/wp-content\/uploads\/2025\/09\/IMG-20250831-WA0015.jpg 1200w, https:\/\/todoapulmon-rafaela.com\/wp-content\/uploads\/2025\/09\/IMG-20250831-WA0015-225x300.jpg 225w, https:\/\/todoapulmon-rafaela.com\/wp-content\/uploads\/2025\/09\/IMG-20250831-WA0015-1125x1500.jpg 1125w, https:\/\/todoapulmon-rafaela.com\/wp-content\/uploads\/2025\/09\/IMG-20250831-WA0015-1152x1536.jpg 1152w\" sizes=\"(max-width: 1200px) 100vw, 1200px\" \/><\/p>\n<p>Priscila Carranza complet\u00f3 la distancia en 2h06m02s, logrando el puesto 12802 en la general y 720\u00b0 en su categor\u00eda.<\/p>\n<p>Tambi\u00e9n se destac\u00f3 Santiago Rico, quien finaliz\u00f3 con un tiempo de 2h05m11s, ocupando el puesto 14738 en la general y 9800\u00b0 en la categor\u00eda 30-34. Fernando Jos\u00e9 Correa registr\u00f3 2h10m31s, ubic\u00e1ndose en el puesto 17301 de la general y 1513\u00b0 en la categor\u00eda 45-49.<\/p>\n<p><img loading=\"lazy\" decoding=\"async\" class=\"alignnone size-full wp-image-59608\" src=\"https:\/\/todoapulmon-rafaela.com\/wp-content\/uploads\/2025\/09\/IMG-20250831-WA0014.jpg\" alt=\"\" width=\"591\" height=\"1280\" srcset=\"https:\/\/todoapulmon-rafaela.com\/wp-content\/uploads\/2025\/09\/IMG-20250831-WA0014.jpg 591w, https:\/\/todoapulmon-rafaela.com\/wp-content\/uploads\/2025\/09\/IMG-20250831-WA0014-139x300.jpg 139w\" sizes=\"(max-width: 591px) 100vw, 591px\" \/><\/p>\n<p>Por su parte, Hugo Sanmartino cerr\u00f3 la participaci\u00f3n del grupo con un tiempo de 2h08m37s, en la categor\u00eda 55-59 a\u00f1os y puesto 18118 en la general.<\/p>\n<p><img loading=\"lazy\" decoding=\"async\" class=\"alignnone size-full wp-image-59609\" src=\"https:\/\/todoapulmon-rafaela.com\/wp-content\/uploads\/2025\/09\/IMG-20250831-WA0011.jpg\" alt=\"\" width=\"1600\" height=\"900\" srcset=\"https:\/\/todoapulmon-rafaela.com\/wp-content\/uploads\/2025\/09\/IMG-20250831-WA0011.jpg 1600w, https:\/\/todoapulmon-rafaela.com\/wp-content\/uploads\/2025\/09\/IMG-20250831-WA0011-300x169.jpg 300w, https:\/\/todoapulmon-rafaela.com\/wp-content\/uploads\/2025\/09\/IMG-20250831-WA0011-1536x864.jpg 1536w\" sizes=\"(max-width: 1600px) 100vw, 1600px\" \/><\/p>\n<p>La actuaci\u00f3n de RUNNEA en esta media marat\u00f3n fue m\u00e1s que positiva, con buenas marcas y con todos los integrantes completando los 21 kil\u00f3metros, reflejando el esp\u00edritu de constancia, compromiso y superaci\u00f3n que caracteriza al grupo.<\/p>\n","protected":false},"excerpt":{"rendered":"<p>El anterior fin de semana se corri\u00f3 la Media Marat\u00f3n de Buenos Aires 2025, una de las competencias m\u00e1s convocantes<\/p>\n","protected":false},"author":2,"featured_media":59611,"comment_status":"closed","ping_status":"closed","sticky":false,"template":"","format":"standard","meta":{"footnotes":""},"categories":[7,24],"tags":[],"class_list":["post-59604","post","type-post","status-publish","format-standard","has-post-thumbnail","hentry","category-atletismo","category-noticias-destacadas"],"cc_featured_image_caption":{"caption_text":"","source_text":"","source_url":""},"_links":{"self":[{"href":"https:\/\/todoapulmon-rafaela.com\/index.php\/wp-json\/wp\/v2\/posts\/59604"}],"collection":[{"href":"https:\/\/todoapulmon-rafaela.com\/index.php\/wp-json\/wp\/v2\/posts"}],"about":[{"href":"https:\/\/todoapulmon-rafaela.com\/index.php\/wp-json\/wp\/v2\/types\/post"}],"author":[{"embeddable":true,"href":"https:\/\/todoapulmon-rafaela.com\/index.php\/wp-json\/wp\/v2\/users\/2"}],"replies":[{"embeddable":true,"href":"https:\/\/todoapulmon-rafaela.com\/index.php\/wp-json\/wp\/v2\/comments?post=59604"}],"version-history":[{"count":1,"href":"https:\/\/todoapulmon-rafaela.com\/index.php\/wp-json\/wp\/v2\/posts\/59604\/revisions"}],"predecessor-version":[{"id":59610,"href":"https:\/\/todoapulmon-rafaela.com\/index.php\/wp-json\/wp\/v2\/posts\/59604\/revisions\/59610"}],"wp:featuredmedia":[{"embeddable":true,"href":"https:\/\/todoapulmon-rafaela.com\/index.php\/wp-json\/wp\/v2\/media\/59611"}],"wp:attachment":[{"href":"https:\/\/todoapulmon-rafaela.com\/index.php\/wp-json\/wp\/v2\/media?parent=59604"}],"wp:term":[{"taxonomy":"category","embeddable":true,"href":"https:\/\/todoapulmon-rafaela.com\/index.php\/wp-json\/wp\/v2\/categories?post=59604"},{"taxonomy":"post_tag","embeddable":true,"href":"https:\/\/todoapulmon-rafaela.com\/index.php\/wp-json\/wp\/v2\/tags?post=59604"}],"curies":[{"name":"wp","href":"https:\/\/api.w.org\/{rel}","templated":true}]}}