{"id":59562,"date":"2025-08-30T18:48:22","date_gmt":"2025-08-30T18:48:22","guid":{"rendered":"https:\/\/todoapulmon-rafaela.com\/?p=59562"},"modified":"2025-08-30T18:48:22","modified_gmt":"2025-08-30T18:48:22","slug":"el-laboratorio-movil-de-evaluaciones-deportivas-llega-a-rafaela","status":"publish","type":"post","link":"https:\/\/todoapulmon-rafaela.com\/index.php\/2025\/08\/30\/el-laboratorio-movil-de-evaluaciones-deportivas-llega-a-rafaela\/","title":{"rendered":"El Laboratorio M\u00f3vil de Evaluaciones Deportivas llega a Rafaela"},"content":{"rendered":"<p>El martes 2 de septiembre, desde las 16, en el C\u00edrculo Rafaelino de Rugby se desarrollar\u00e1 la jornada de trabajo del Laboratorio M\u00f3vil de Evaluaciones Deportivas, impulsado por la Secretar\u00eda de Deportes de la Provincia.<\/p>\n<p>Se trata de un programa que otorga herramientas con el fin de igualar oportunidades en el interior del territorio santafesino, que permite monitorear la evoluci\u00f3n y el rendimiento de deportistas mediano y alto rendimiento.<\/p>\n<p>En esta oportunidad est\u00e1 previsto evaluar alrededor de 40 a 50 deportistas, dentro del recorrido hacia los Juegos JADAR y Juegos Suramericanos 2026, que tendr\u00e1n a Rosario, Santa Fe y Rafaela como sedes.<\/p>\n<p>El Laboratorio forma parte del programa Formar + Potenciando Deportistas y busca contribuir al desarrollo del deportista, cuidando su salud, potenciando su rendimiento, previniendo lesiones, as\u00ed como tambi\u00e9n asesorando a entrenadores y entrenadoras. Se trata del \u00fanico dispositivo m\u00f3vil en el pa\u00eds y permitir\u00e1 realizar\u00e1 un seguimiento longitudinal del deportista para elaborar una base de datos con fines estad\u00edsticos.<\/p>\n<p><img loading=\"lazy\" decoding=\"async\" class=\"alignnone size-full wp-image-59563\" src=\"https:\/\/todoapulmon-rafaela.com\/wp-content\/uploads\/2025\/08\/Laboratorio.jpg\" alt=\"\" width=\"1440\" height=\"2560\" srcset=\"https:\/\/todoapulmon-rafaela.com\/wp-content\/uploads\/2025\/08\/Laboratorio.jpg 1440w, https:\/\/todoapulmon-rafaela.com\/wp-content\/uploads\/2025\/08\/Laboratorio-169x300.jpg 169w, https:\/\/todoapulmon-rafaela.com\/wp-content\/uploads\/2025\/08\/Laboratorio-844x1500.jpg 844w, https:\/\/todoapulmon-rafaela.com\/wp-content\/uploads\/2025\/08\/Laboratorio-864x1536.jpg 864w, https:\/\/todoapulmon-rafaela.com\/wp-content\/uploads\/2025\/08\/Laboratorio-1152x2048.jpg 1152w\" sizes=\"(max-width: 1440px) 100vw, 1440px\" \/><\/p>\n<p>El Laboratorio M\u00f3vil se implementa a trav\u00e9s de los profesionales que forman parte del Centro de Evaluaciones M\u00e9dico Deportivas (CeMeDep) en Rosario y Santa Fe. Este equipo est\u00e1 integrado por profesionales especializados en fisiolog\u00eda, kinesiolog\u00eda, nutrici\u00f3n y psicolog\u00eda deportiva.<\/p>\n<p>Esta evaluaci\u00f3n permite ahorrar a cada deportista entre 70.000 y 100.000 pesos.<\/p>\n<p>El laboratorio cuenta con un rack de plataforma de fuerza para realizar diferentes saltos y un rack test para evaluar movilidad articular y flexibilidad muscular; fuerza isom\u00e9trica m\u00e1xima, estructural y reactiva.<\/p>\n<p>Los profesionales realizan un diagn\u00f3stico inicial que incluir\u00e1 evaluaciones completas de salud y rendimiento para establecer una l\u00ednea base de cada deportista para luego concretar una planificaci\u00f3n personalizada. Esto incluye un dise\u00f1o de programas individualizados de entrenamiento, nutrici\u00f3n, kinesiolog\u00eda y apoyo psicol\u00f3gico.<\/p>\n<p>Por otra parte, se realiza el seguimiento y ajuste a partir de un monitoreo continuo del progreso de los deportistas y ajuste de los programas seg\u00fan sea necesario.<\/p>\n<p>Cabe destacar que la planificaci\u00f3n incluye formaciones y actualizaciones constantes de entrenadores y personal t\u00e9cnico sobre las \u00faltimas tendencias y t\u00e9cnicas en deporte, as\u00ed como tambi\u00e9n en salud.<\/p>\n","protected":false},"excerpt":{"rendered":"<p>El martes 2 de septiembre, desde las 16, en el C\u00edrculo Rafaelino de Rugby se desarrollar\u00e1 la jornada de trabajo<\/p>\n","protected":false},"author":2,"featured_media":59564,"comment_status":"closed","ping_status":"closed","sticky":false,"template":"","format":"standard","meta":{"footnotes":""},"categories":[24],"tags":[],"class_list":["post-59562","post","type-post","status-publish","format-standard","has-post-thumbnail","hentry","category-noticias-destacadas"],"cc_featured_image_caption":{"caption_text":"","source_text":"","source_url":""},"_links":{"self":[{"href":"https:\/\/todoapulmon-rafaela.com\/index.php\/wp-json\/wp\/v2\/posts\/59562"}],"collection":[{"href":"https:\/\/todoapulmon-rafaela.com\/index.php\/wp-json\/wp\/v2\/posts"}],"about":[{"href":"https:\/\/todoapulmon-rafaela.com\/index.php\/wp-json\/wp\/v2\/types\/post"}],"author":[{"embeddable":true,"href":"https:\/\/todoapulmon-rafaela.com\/index.php\/wp-json\/wp\/v2\/users\/2"}],"replies":[{"embeddable":true,"href":"https:\/\/todoapulmon-rafaela.com\/index.php\/wp-json\/wp\/v2\/comments?post=59562"}],"version-history":[{"count":1,"href":"https:\/\/todoapulmon-rafaela.com\/index.php\/wp-json\/wp\/v2\/posts\/59562\/revisions"}],"predecessor-version":[{"id":59565,"href":"https:\/\/todoapulmon-rafaela.com\/index.php\/wp-json\/wp\/v2\/posts\/59562\/revisions\/59565"}],"wp:featuredmedia":[{"embeddable":true,"href":"https:\/\/todoapulmon-rafaela.com\/index.php\/wp-json\/wp\/v2\/media\/59564"}],"wp:attachment":[{"href":"https:\/\/todoapulmon-rafaela.com\/index.php\/wp-json\/wp\/v2\/media?parent=59562"}],"wp:term":[{"taxonomy":"category","embeddable":true,"href":"https:\/\/todoapulmon-rafaela.com\/index.php\/wp-json\/wp\/v2\/categories?post=59562"},{"taxonomy":"post_tag","embeddable":true,"href":"https:\/\/todoapulmon-rafaela.com\/index.php\/wp-json\/wp\/v2\/tags?post=59562"}],"curies":[{"name":"wp","href":"https:\/\/api.w.org\/{rel}","templated":true}]}}