{"id":59527,"date":"2025-08-29T02:51:39","date_gmt":"2025-08-29T02:51:39","guid":{"rendered":"https:\/\/todoapulmon-rafaela.com\/?p=59527"},"modified":"2025-08-29T02:51:39","modified_gmt":"2025-08-29T02:51:39","slug":"el-sub-14-femenino-de-la-liga-jugara-el-provincial","status":"publish","type":"post","link":"https:\/\/todoapulmon-rafaela.com\/index.php\/2025\/08\/29\/el-sub-14-femenino-de-la-liga-jugara-el-provincial\/","title":{"rendered":"El Sub 14 Femenino de la Liga jugar\u00e1 el Provincial"},"content":{"rendered":"<p>Desde el 5 al 7 de septiembre, la selecci\u00f3n femenina Sub14 de la Liga Rafaelina disputar\u00e1 el torneo provincial que se jugar\u00e1 en la ciudad de Santa Fe. Ser\u00e1n 8 las ligas las que disputen la competencia.<\/p>\n<p>Las chicas convocadas son las siguientes:<\/p>\n<p><strong>Selecci\u00f3n Sub14 Femenino<\/strong>:<br \/>\n*Delfina Viotti (Pe\u00f1arol)<br \/>\n*Erica Duarte (Pe\u00f1arol)<br \/>\n*Maite Monroig (Pe\u00f1arol)<br \/>\n*Ema Beltramone (Atl. Rafaela)<br \/>\n*Guadalupe Minotti (Atl. Rafaela)<br \/>\n*Angelina Ricarte (Atl. Rafaela)<br \/>\n*Brianna Barbero (Sunchales Cicles Club)<br \/>\n*Oriana El\u00edas (Sunchales Cicles Club)<br \/>\n*Delfina Toledo (Sunchales Cicles Club)<br \/>\n*Mia Ramirez (Atl. Uni\u00f3n)<br \/>\n*Jazm\u00edn Fritzler (Atl. Uni\u00f3n)<br \/>\n*Valentina Gutierrez (Atl. Uni\u00f3n)<br \/>\n*Mar\u00eda Emilia Delbino (Ben Hur)<br \/>\n*Yana Forni L\u00f3pez (Ben Hur)<br \/>\n*Gina Bessone (Ben Hur)<br \/>\n*Julieta Demonte (9 de Julio)<br \/>\n*Sof\u00eda Laurino (9 de Julio)<br \/>\n*Sof\u00eda Escobar (9 de Julio)<\/p>\n<p>Director T\u00e9cnico: Luciano Barbero<br \/>\nAyudante de Campo: Gustavo Villalba.<\/p>\n<p><strong>Fixture \u2013 Zona B<\/strong><br \/>\n*Viernes 05\/09 \u2013 15 hs: Liga Rafaelina vs. Liga Esperancina (Cancha 2 predio Liga Santafesina).<br \/>\n*S\u00e1bado 06\/09 \u2013 10.30 hs: Liga Rafaelina vs. Liga Sanlorencina (Cancha 2 predio Liga Santafesina).<br \/>\n*S\u00e1bado 06\/09 \u2013 16.30 hs: Asoc. Rosarina vs. Liga Rafaelina (Cancha 1 predio Liga Santafesina).<\/p>\n<p>Fuente: Liga Rafaelina de F\u00fatbol.<\/p>\n","protected":false},"excerpt":{"rendered":"<p>Desde el 5 al 7 de septiembre, la selecci\u00f3n femenina Sub14 de la Liga Rafaelina disputar\u00e1 el torneo provincial que<\/p>\n","protected":false},"author":2,"featured_media":59528,"comment_status":"closed","ping_status":"closed","sticky":false,"template":"","format":"standard","meta":{"footnotes":""},"categories":[31,24],"tags":[],"class_list":["post-59527","post","type-post","status-publish","format-standard","has-post-thumbnail","hentry","category-futbol-femenino","category-noticias-destacadas"],"cc_featured_image_caption":{"caption_text":"LIGA RAFAELINA ","source_text":"","source_url":""},"_links":{"self":[{"href":"https:\/\/todoapulmon-rafaela.com\/index.php\/wp-json\/wp\/v2\/posts\/59527"}],"collection":[{"href":"https:\/\/todoapulmon-rafaela.com\/index.php\/wp-json\/wp\/v2\/posts"}],"about":[{"href":"https:\/\/todoapulmon-rafaela.com\/index.php\/wp-json\/wp\/v2\/types\/post"}],"author":[{"embeddable":true,"href":"https:\/\/todoapulmon-rafaela.com\/index.php\/wp-json\/wp\/v2\/users\/2"}],"replies":[{"embeddable":true,"href":"https:\/\/todoapulmon-rafaela.com\/index.php\/wp-json\/wp\/v2\/comments?post=59527"}],"version-history":[{"count":1,"href":"https:\/\/todoapulmon-rafaela.com\/index.php\/wp-json\/wp\/v2\/posts\/59527\/revisions"}],"predecessor-version":[{"id":59529,"href":"https:\/\/todoapulmon-rafaela.com\/index.php\/wp-json\/wp\/v2\/posts\/59527\/revisions\/59529"}],"wp:featuredmedia":[{"embeddable":true,"href":"https:\/\/todoapulmon-rafaela.com\/index.php\/wp-json\/wp\/v2\/media\/59528"}],"wp:attachment":[{"href":"https:\/\/todoapulmon-rafaela.com\/index.php\/wp-json\/wp\/v2\/media?parent=59527"}],"wp:term":[{"taxonomy":"category","embeddable":true,"href":"https:\/\/todoapulmon-rafaela.com\/index.php\/wp-json\/wp\/v2\/categories?post=59527"},{"taxonomy":"post_tag","embeddable":true,"href":"https:\/\/todoapulmon-rafaela.com\/index.php\/wp-json\/wp\/v2\/tags?post=59527"}],"curies":[{"name":"wp","href":"https:\/\/api.w.org\/{rel}","templated":true}]}}