{"id":59323,"date":"2025-08-22T15:56:22","date_gmt":"2025-08-22T15:56:22","guid":{"rendered":"https:\/\/todoapulmon-rafaela.com\/?p=59323"},"modified":"2025-08-22T18:43:32","modified_gmt":"2025-08-22T18:43:32","slug":"tomas-mondino-el-denominador-comun-para-los-records-del-relevo-4x100","status":"publish","type":"post","link":"https:\/\/todoapulmon-rafaela.com\/index.php\/2025\/08\/22\/tomas-mondino-el-denominador-comun-para-los-records-del-relevo-4x100\/","title":{"rendered":"Tom\u00e1s Mondino, el denominador com\u00fan para los r\u00e9cords del relevo 4&#215;100"},"content":{"rendered":"<div class=\"jeg_navbar_mobile_wrapper\">\n<div class=\"jeg_navbar_mobile jeg_sticky_nav\" data-mode=\"fixed\">\n<div class=\"jeg_mobile_bottombar jeg_mobile_midbar jeg_container normal\">\n<div class=\"container\">\n<div class=\"jeg_nav_row\">\n<div class=\"jeg_nav_col jeg_nav_center jeg_nav_grow\">\n<div class=\"item_wrap jeg_nav_aligncenter\">\n<div class=\"jeg_nav_item jeg_button_mobile\">El atletismo argentino ten\u00eda una gran tradici\u00f3n en el relevo corto. En los \u00faltimos tiempos, con la aparici\u00f3n de una nueva generaci\u00f3n de velocistas y la realizaci\u00f3n de trabajos espec\u00edficos para las postas, hubo una gran recuperaci\u00f3n.<\/div>\n<div>Tom\u00e1s Mondino ha contribuido significativamente, ya que form\u00f3 parte de las \u00faltimas tres postas con r\u00e9cords argentino.<\/div>\n<div><\/div>\n<div class=\"jeg_nav_item jeg_button_mobile\">El punto culminante signific\u00f3 la conquista de la medalla de bronce \u2013la primera desde 1951- en los Juegos Panamericanos de Santiago de Chile.<\/div>\n<\/div>\n<\/div>\n<\/div>\n<\/div>\n<\/div>\n<\/div>\n<\/div>\n<div class=\"post-wrapper\">\n<div class=\"post-wrap\">\n<div class=\"jeg_main \">\n<div class=\"jeg_container\">\n<div class=\"jeg_content\">\n<div class=\"jeg_vc_content custom_post_template\">\n<div class=\"row vc_row wpb_row vc_row-fluid\">\n<div class=\"jeg-vc-wrapper\">\n<div class=\"wpb_column jeg_column vc_column_container vc_col-sm-8\">\n<div class=\"jeg_wrapper wpb_wrapper\">\n<div class=\"jeg_custom_content_wrapper \">\n<div class=\"entry-content no-share\">\n<div class=\"content-inner\">\n<p>All\u00ed el equipo formado por Tom\u00e1s Mondino, Bautista Diamante, Juan Ignacio Ciampitti y Franco Florio llev\u00f3 el r\u00e9cord absoluto a 39.48.<\/p>\n<p>Ahora, la selecci\u00f3n u23 dio otro paso adelante con la medalla de bronce en el Panamericano de la categor\u00eda, que se est\u00e1 disputando en Asunci\u00f3n. La formaci\u00f3n del juvenil\u00a0<strong>Juan Antonio Sagasta<\/strong>, los hermanos\u00a0<strong>Lucas y Tom\u00e1s Villegas<\/strong>, y\u00a0<strong>Tom\u00e1s Pablo Mondino<\/strong>, mejor\u00f3 el r\u00e9cord absoluto en otras tres cent\u00e9simas (y tambi\u00e9n el r\u00e9cord u23 que era de 39.99 desde hac\u00eda tres a\u00f1os).<\/p>\n<p><img loading=\"lazy\" decoding=\"async\" class=\"alignnone size-full wp-image-59325\" src=\"https:\/\/todoapulmon-rafaela.com\/wp-content\/uploads\/2025\/08\/IMG-20250822-WA0035.jpg\" alt=\"\" width=\"1170\" height=\"1472\" srcset=\"https:\/\/todoapulmon-rafaela.com\/wp-content\/uploads\/2025\/08\/IMG-20250822-WA0035.jpg 1170w, https:\/\/todoapulmon-rafaela.com\/wp-content\/uploads\/2025\/08\/IMG-20250822-WA0035-238x300.jpg 238w\" sizes=\"(max-width: 1170px) 100vw, 1170px\" \/><\/p>\n<p>La actuaci\u00f3n de nuestros j\u00f3venes velocistas en Asunci\u00f3n, enfrentando a las potencias continentales de la especialidad, acompa\u00f1a positivas jornadas para el atletismo argentino que ya cosecha all\u00ed dos t\u00edtulos con Tom\u00e1s Olivera en martillo y Juan Manuel Arri\u00e9guez en bala, la medalla de plata de Santiago Barber\u00eda en salto en alto y otra de bronce con el mediofondista Uriel Rodrigo Mu\u00f1oz en los 1.500 metros, entre las principales actuaciones.<\/p>\n<p><strong>Evoluci\u00f3n del r\u00e9cord argentino absoluto (con cronometraje electr\u00f3nico)<\/strong><\/p>\n<p>&nbsp;<\/p>\n<p>41.56\u00a0\u00a0\u00a0\u00a0\u00a0\u00a0\u00a0\u00a0\u00a0\u00a0\u00a0\u00a0\u00a0\u00a0\u00a0 Equipo Nacional\u00a0\u00a0\u00a0\u00a0\u00a0\u00a0\u00a0\u00a0\u00a0\u00a0 Helsinki FIN\u00a0\u00a0\u00a0\u00a0\u00a0 26.07.1952<\/p>\n<p>Mariano Acosta, Enrique Jaime Beckles, Gerardo B\u00f6nnhoff, Romeo Alberto Gal\u00e1n<\/p>\n<p>40.92 a\u00a0\u00a0\u00a0\u00a0\u00a0\u00a0\u00a0\u00a0\u00a0\u00a0\u00a0\u00a0 Equipo Nacional\u00a0\u00a0\u00a0\u00a0\u00a0\u00a0\u00a0\u00a0\u00a0\u00a0 Cali COL\u00a0\u00a0\u00a0\u00a0\u00a0\u00a0\u00a0\u00a0\u00a0\u00a0 04.08.1971<\/p>\n<p>Pedro Eduardo Bassart, Juan Carlos Dyrzka, Roberto Hoeger, Andr\u00e9s Roberto Calonje<\/p>\n<p>40.87\u00a0\u00a0\u00a0\u00a0\u00a0\u00a0\u00a0\u00a0\u00a0\u00a0\u00a0\u00a0\u00a0\u00a0\u00a0 Equipo Nacional\u00a0\u00a0\u00a0\u00a0\u00a0\u00a0\u00a0\u00a0\u00a0\u00a0 Santiago CHI\u00a0\u00a0\u00a0 27.10.1984<\/p>\n<p>Jos\u00e9 Mar\u00eda Beduino, Hugo Alzamora, Oscar Alberto Barrionuevo, Gustavo Capart<\/p>\n<p>40.52\u00a0\u00a0\u00a0\u00a0\u00a0\u00a0\u00a0\u00a0\u00a0\u00a0\u00a0\u00a0\u00a0\u00a0\u00a0 Equipo Nacional\u00a0\u00a0\u00a0\u00a0\u00a0\u00a0\u00a0\u00a0\u00a0\u00a0 Santiago CHI\u00a0\u00a0\u00a0 31.10.1987<\/p>\n<p>Jos\u00e9 Mar\u00eda Beduino, Carlos Alberto Gats, Gerardo Meinardi, Gabriel Somma<\/p>\n<p>39.94\u00a0\u00a0\u00a0\u00a0\u00a0\u00a0\u00a0\u00a0\u00a0\u00a0\u00a0\u00a0\u00a0\u00a0\u00a0 Equipo Nacional\u00a0\u00a0\u00a0\u00a0\u00a0\u00a0\u00a0\u00a0\u00a0\u00a0 Mar del Plata\u00a0\u00a0\u00a0 25.03.1995<\/p>\n<p>Jorge Luis Polanco, Cristian Vitasse, Guillermo Cacian, Carlos Alberto Gats<\/p>\n<p>39.91\u00a0\u00a0\u00a0\u00a0\u00a0\u00a0\u00a0\u00a0\u00a0\u00a0\u00a0\u00a0\u00a0\u00a0\u00a0 Equipo Nacional\u00a0\u00a0\u00a0\u00a0\u00a0\u00a0\u00a0\u00a0\u00a0\u00a0 Sao Paulo BRA\u00a0\u00a0\u00a0\u00a0\u00a0\u00a0\u00a0\u00a0\u00a0\u00a0\u00a0 08.06.2007<\/p>\n<p>Jos\u00e9 Manuel Garaventa, Miguel Wilken, Iv\u00e1n Altamirano, Mariano Fabi\u00e1n Jim\u00e9nez<\/p>\n<p>39.85\u00a0\u00a0\u00a0\u00a0\u00a0\u00a0\u00a0\u00a0\u00a0\u00a0\u00a0\u00a0\u00a0\u00a0\u00a0 Equipo Nacional\u00a0\u00a0\u00a0\u00a0\u00a0\u00a0\u00a0\u00a0\u00a0\u00a0 Santiago CHI\u00a0\u00a0\u00a0 24.10.2010<\/p>\n<p>Miguel Wilken, Mariano Fabi\u00e1n Jim\u00e9nez, Mat\u00edas Robledo, Pablo del Valle<\/p>\n<p>Equipo Nacional\u00a0\u00a0\u00a0\u00a0\u00a0\u00a0\u00a0\u00a0\u00a0\u00a0 Sao Paulo BRA\u00a0\u00a0\u00a0\u00a0\u00a0\u00a0\u00a0\u00a0\u00a0\u00a0\u00a0 29.07.2023<\/p>\n<p>Daniel Rodrigo Londero, Bautista Diamante, Juan Ignacio Ciampitti, Franco Florio<\/p>\n<p>39.53\u00a0\u00a0\u00a0\u00a0\u00a0\u00a0\u00a0\u00a0\u00a0\u00a0\u00a0\u00a0\u00a0\u00a0\u00a0 Equipo Nacional\u00a0\u00a0\u00a0\u00a0\u00a0\u00a0\u00a0\u00a0\u00a0\u00a0 Santiago CHI\u00a0\u00a0\u00a0 02.11.2023<\/p>\n<p>Tom\u00e1s Pablo Mondino, Bautista Diamante, Juan Ignacio Ciampitti, Franco Florio<\/p>\n<p>39.48\u00a0\u00a0\u00a0\u00a0\u00a0\u00a0\u00a0\u00a0\u00a0\u00a0\u00a0\u00a0\u00a0\u00a0\u00a0 Equipo Nacional\u00a0\u00a0\u00a0\u00a0\u00a0\u00a0\u00a0\u00a0\u00a0\u00a0 Santiago CHI\u00a0\u00a0\u00a0 02.11.2023<\/p>\n<p>Tom\u00e1s Pablo Mondino, Bautista Diamante, Juan Ignacio Ciampitti, Franco Florio<\/p>\n<p>39.45\u00a0\u00a0\u00a0\u00a0\u00a0\u00a0\u00a0\u00a0\u00a0\u00a0\u00a0\u00a0\u00a0\u00a0\u00a0 Equipo Nacional u23\u00a0\u00a0\u00a0\u00a0 Asunci\u00f3n\u00a0\u00a0\u00a0\u00a0\u00a0\u00a0\u00a0\u00a0\u00a0 21.08.2025<\/p>\n<p>Juan Agust\u00edn Sagasta, Lucas Adri\u00e1n Villegas, Tom\u00e1s Ariel Villegas, Tom\u00e1s Pablo Mondino.<\/p>\n<p>Con informaci\u00f3n de CADA.<\/p>\n<\/div>\n<\/div>\n<\/div>\n<\/div>\n<\/div>\n<\/div>\n<\/div>\n<\/div>\n<\/div>\n<\/div>\n<\/div>\n<\/div>\n<\/div>\n","protected":false},"excerpt":{"rendered":"<p>El atletismo argentino ten\u00eda una gran tradici\u00f3n en el relevo corto. En los \u00faltimos tiempos, con la aparici\u00f3n de una<\/p>\n","protected":false},"author":2,"featured_media":59327,"comment_status":"closed","ping_status":"closed","sticky":false,"template":"","format":"standard","meta":{"footnotes":""},"categories":[7,24],"tags":[],"class_list":["post-59323","post","type-post","status-publish","format-standard","has-post-thumbnail","hentry","category-atletismo","category-noticias-destacadas"],"cc_featured_image_caption":{"caption_text":"","source_text":"","source_url":""},"_links":{"self":[{"href":"https:\/\/todoapulmon-rafaela.com\/index.php\/wp-json\/wp\/v2\/posts\/59323"}],"collection":[{"href":"https:\/\/todoapulmon-rafaela.com\/index.php\/wp-json\/wp\/v2\/posts"}],"about":[{"href":"https:\/\/todoapulmon-rafaela.com\/index.php\/wp-json\/wp\/v2\/types\/post"}],"author":[{"embeddable":true,"href":"https:\/\/todoapulmon-rafaela.com\/index.php\/wp-json\/wp\/v2\/users\/2"}],"replies":[{"embeddable":true,"href":"https:\/\/todoapulmon-rafaela.com\/index.php\/wp-json\/wp\/v2\/comments?post=59323"}],"version-history":[{"count":1,"href":"https:\/\/todoapulmon-rafaela.com\/index.php\/wp-json\/wp\/v2\/posts\/59323\/revisions"}],"predecessor-version":[{"id":59326,"href":"https:\/\/todoapulmon-rafaela.com\/index.php\/wp-json\/wp\/v2\/posts\/59323\/revisions\/59326"}],"wp:featuredmedia":[{"embeddable":true,"href":"https:\/\/todoapulmon-rafaela.com\/index.php\/wp-json\/wp\/v2\/media\/59327"}],"wp:attachment":[{"href":"https:\/\/todoapulmon-rafaela.com\/index.php\/wp-json\/wp\/v2\/media?parent=59323"}],"wp:term":[{"taxonomy":"category","embeddable":true,"href":"https:\/\/todoapulmon-rafaela.com\/index.php\/wp-json\/wp\/v2\/categories?post=59323"},{"taxonomy":"post_tag","embeddable":true,"href":"https:\/\/todoapulmon-rafaela.com\/index.php\/wp-json\/wp\/v2\/tags?post=59323"}],"curies":[{"name":"wp","href":"https:\/\/api.w.org\/{rel}","templated":true}]}}