{"id":59255,"date":"2025-08-20T20:40:45","date_gmt":"2025-08-20T20:40:45","guid":{"rendered":"https:\/\/todoapulmon-rafaela.com\/?p=59255"},"modified":"2025-08-20T20:43:58","modified_gmt":"2025-08-20T20:43:58","slug":"pecantet-estoy-cayendo-de-todo-lo-lindo-que-vivi","status":"publish","type":"post","link":"https:\/\/todoapulmon-rafaela.com\/index.php\/2025\/08\/20\/pecantet-estoy-cayendo-de-todo-lo-lindo-que-vivi\/","title":{"rendered":"Agust\u00edn Pecantet: \u00abestoy cayendo de todo lo lindo que viv\u00ed\u00bb"},"content":{"rendered":"<p>Agust\u00edn Pecantet sigue recibiendo muestras de afecto y reconocimiento luego de concretar su anhelado Desaf\u00edo de recorrer 800 kil\u00f3metros en nueve d\u00edas. La inmensa satisfacci\u00f3n personal vino de la mano tambi\u00e9n con alg\u00fan kilo menos y un color de piel m\u00e1s de enero que de este invierno, pero natural despu\u00e9s de tantas horas al sol en estos d\u00edas.<\/p>\n<p>\u00abEstoy contento, feliz, ya descansado aunque duelen un poquito las piernas, y cayendo un poco de todo lo que vivi\u00bb, cont\u00f3 en la introducci\u00f3n el ultramaratonista que bati\u00f3 un record que espera sea homologado cuando se cumplan todos los procesos administrativos.<\/p>\n<p>El costado solidario que persigui\u00f3 este notable esfuerzo, para apoyar a familias de bajos recursos que acompa\u00f1an a sus seres queridos internados en el Hospital de ni\u00f1os Dr. Orlando Alassia de Santa Fe, tambi\u00e9n signific\u00f3 un impulso extra. \u00abEstuve hablando con gente del Hospital, est\u00e1n muy contentos. Estamos esperando tener el detalle de lo que se recaud\u00f3, la idea es hacer una devoluci\u00f3n viajando a Santa Fe para estar con ellos\u00bb.<\/p>\n<p><img loading=\"lazy\" decoding=\"async\" class=\"alignnone size-full wp-image-59257\" src=\"https:\/\/todoapulmon-rafaela.com\/wp-content\/uploads\/2025\/08\/IMG-20250820-WA0003.jpg\" alt=\"\" width=\"1600\" height=\"1200\" srcset=\"https:\/\/todoapulmon-rafaela.com\/wp-content\/uploads\/2025\/08\/IMG-20250820-WA0003.jpg 1600w, https:\/\/todoapulmon-rafaela.com\/wp-content\/uploads\/2025\/08\/IMG-20250820-WA0003-300x225.jpg 300w, https:\/\/todoapulmon-rafaela.com\/wp-content\/uploads\/2025\/08\/IMG-20250820-WA0003-1536x1152.jpg 1536w\" sizes=\"(max-width: 1600px) 100vw, 1600px\" \/><\/p>\n<p>Consultado sobre si la planificaci\u00f3n realizada en lo previo pudo cumplirse como lo esperaba, mencion\u00f3 que \u00abs\u00ed, se plante\u00f3 una escala asi de dos d\u00edas de 50 km y 7 d\u00edas de 100, sab\u00eda que desde el segundo o tercer d\u00eda iba a haber incertidumbre porque era algo que nunca hab\u00eda hecho. Pero me sent\u00ed muy bien, un solo d\u00eda como todos saben que decid\u00ed parar porque no pod\u00eda comer, pero en todo momento el cuerpo reaccion\u00f3 bien con los pocos descansos que hubo\u00bb.<\/p>\n<div style=\"width: 800px;\" class=\"wp-video\"><!--[if lt IE 9]><script>document.createElement('video');<\/script><![endif]-->\n<video class=\"wp-video-shortcode\" id=\"video-59255-1\" width=\"800\" height=\"453\" preload=\"metadata\" controls=\"controls\"><source type=\"video\/mp4\" src=\"https:\/\/todoapulmon-rafaela.com\/wp-content\/uploads\/2025\/08\/VID-20250817-WA0010.mp4?_=1\" \/><a href=\"https:\/\/todoapulmon-rafaela.com\/wp-content\/uploads\/2025\/08\/VID-20250817-WA0010.mp4\">https:\/\/todoapulmon-rafaela.com\/wp-content\/uploads\/2025\/08\/VID-20250817-WA0010.mp4<\/a><\/video><\/div>\n<p>Un aspecto para remarcar fue el acompa\u00f1amiento que tuvo durante todos los d\u00edas, indispensable para tener el apoyo en momentos que la fatiga empieza a sentirse. \u00abCreo que d\u00eda a d\u00eda iba aumentando la cantidad, en los primeros\u00a0 tuvimos 60-70 personas y el ultimo d\u00eda mucha gente corriendo, en bici, en auto, no fui consciente de eso. Estoy muy contento, y le agradezco a esa gente que se moviliz\u00f3 dijo el Profe de Guepard Entrenamiento.<\/p>\n<p><img loading=\"lazy\" decoding=\"async\" class=\"alignnone size-full wp-image-59258\" src=\"https:\/\/todoapulmon-rafaela.com\/wp-content\/uploads\/2025\/08\/IMG-20250820-WA0002.jpg\" alt=\"\" width=\"960\" height=\"1280\" srcset=\"https:\/\/todoapulmon-rafaela.com\/wp-content\/uploads\/2025\/08\/IMG-20250820-WA0002.jpg 960w, https:\/\/todoapulmon-rafaela.com\/wp-content\/uploads\/2025\/08\/IMG-20250820-WA0002-225x300.jpg 225w\" sizes=\"(max-width: 960px) 100vw, 960px\" \/><\/p>\n<p>En cuanto a c\u00f3mo manej\u00f3 el tema de la alimentaci\u00f3n en el Desaf\u00edo, respondi\u00f3 que \u00abcada 10-12 kil\u00f3metros trataba de parar, la nutricionista me hab\u00eda hecho una planificaci\u00f3n de lo que pod\u00eda comer, pero eran 12 o 15 ingestas mas o menos diarias, y luego poder comer lo que mas pod\u00eda a la noche, inclusive me pon\u00eda alarmas para comer a la madrugada para llegar a cubrir los requerimientos\u00bb.<\/p>\n<p>En su recorrido por casi todo el Departamento Castellanos, Pecantet recibi\u00f3 muchas muestras de afecto que valor\u00f3. \u00abLa verdad que muy contento, eran pocas las localidades que me hab\u00eda contactado, el resto se fueron sumando. En Humberto vino un chico no vidente (Hugo Acu\u00f1a) a correr conmigo, luego hablando con \u00e9l hab\u00eda corrido en varias carreras en Formosa, en Z\u00e1rate, Olavarr\u00eda, y eso fue muy emocionante. Lo mismo con la gente que se sum\u00f3 a compartir un sandwich\u00bb.<\/p>\n<p>Y lo dejamos seguir disfrutando de esta linda realidad. \u00abEs un logro de muchos a\u00f1os de preparaci\u00f3n, que siempre ven\u00eda so\u00f1ando\u00bb.<\/p>\n<p>&nbsp;<\/p>\n","protected":false},"excerpt":{"rendered":"<p>Agust\u00edn Pecantet sigue recibiendo muestras de afecto y reconocimiento luego de concretar su anhelado Desaf\u00edo de recorrer 800 kil\u00f3metros en<\/p>\n","protected":false},"author":2,"featured_media":59256,"comment_status":"closed","ping_status":"closed","sticky":false,"template":"","format":"standard","meta":{"footnotes":""},"categories":[7,24],"tags":[],"class_list":["post-59255","post","type-post","status-publish","format-standard","has-post-thumbnail","hentry","category-atletismo","category-noticias-destacadas"],"cc_featured_image_caption":{"caption_text":"","source_text":"","source_url":""},"_links":{"self":[{"href":"https:\/\/todoapulmon-rafaela.com\/index.php\/wp-json\/wp\/v2\/posts\/59255"}],"collection":[{"href":"https:\/\/todoapulmon-rafaela.com\/index.php\/wp-json\/wp\/v2\/posts"}],"about":[{"href":"https:\/\/todoapulmon-rafaela.com\/index.php\/wp-json\/wp\/v2\/types\/post"}],"author":[{"embeddable":true,"href":"https:\/\/todoapulmon-rafaela.com\/index.php\/wp-json\/wp\/v2\/users\/2"}],"replies":[{"embeddable":true,"href":"https:\/\/todoapulmon-rafaela.com\/index.php\/wp-json\/wp\/v2\/comments?post=59255"}],"version-history":[{"count":4,"href":"https:\/\/todoapulmon-rafaela.com\/index.php\/wp-json\/wp\/v2\/posts\/59255\/revisions"}],"predecessor-version":[{"id":59263,"href":"https:\/\/todoapulmon-rafaela.com\/index.php\/wp-json\/wp\/v2\/posts\/59255\/revisions\/59263"}],"wp:featuredmedia":[{"embeddable":true,"href":"https:\/\/todoapulmon-rafaela.com\/index.php\/wp-json\/wp\/v2\/media\/59256"}],"wp:attachment":[{"href":"https:\/\/todoapulmon-rafaela.com\/index.php\/wp-json\/wp\/v2\/media?parent=59255"}],"wp:term":[{"taxonomy":"category","embeddable":true,"href":"https:\/\/todoapulmon-rafaela.com\/index.php\/wp-json\/wp\/v2\/categories?post=59255"},{"taxonomy":"post_tag","embeddable":true,"href":"https:\/\/todoapulmon-rafaela.com\/index.php\/wp-json\/wp\/v2\/tags?post=59255"}],"curies":[{"name":"wp","href":"https:\/\/api.w.org\/{rel}","templated":true}]}}