{"id":59177,"date":"2025-08-17T16:46:04","date_gmt":"2025-08-17T16:46:04","guid":{"rendered":"https:\/\/todoapulmon-rafaela.com\/?p=59177"},"modified":"2025-08-17T16:46:04","modified_gmt":"2025-08-17T16:46:04","slug":"julieta-benedetti-logro-el-oro-en-la-carrera-de-ruta-en-asu-2025","status":"publish","type":"post","link":"https:\/\/todoapulmon-rafaela.com\/index.php\/2025\/08\/17\/julieta-benedetti-logro-el-oro-en-la-carrera-de-ruta-en-asu-2025\/","title":{"rendered":"Julieta Benedetti logr\u00f3 el oro en la carrera de ruta en ASU 2025"},"content":{"rendered":"<header class=\"header-panam\">\n<section id=\"nav\" class=\"main-header\">\n<div class=\"main-wrapper\">\n<div id=\"menu-mobile\">\n<div class=\"mm-wrapper\">\n<div class=\"menu-header-menu-spanish-container\">\n<p>Julieta Benedetti Venturella protagoniz\u00f3 una llegada emocionante para quedarse con el oro en la prueba de ciclismo de ruta femenino de los II Juegos Panamericanos Junior Asunci\u00f3n 2025, al cruzar la meta con un tiempo de 2:51:19.<\/p>\n<p>\u00abLa verdad que trabajamos muy bien con todo el equipo y quiero agradecerle a todas las chicas por esta carrera\u00bb, manifest\u00f3 emocionada luego de cruzar la meta la ciclista argentina.<\/p>\n<p>La definici\u00f3n fue ajustad\u00edsima: apenas un segundo despu\u00e9s arribaron la ecuatoriana Natalie Bossano, la colombiana Natalia Garz\u00f3n Cifuentes, la venezolana Alexandra Roa Mel\u00e9ndez y la tambi\u00e9n ecuatoriana Marcelo Pe\u00f1afiel Solano, todas con marca de 2:51:20.<\/p>\n<\/div>\n<\/div>\n<\/div>\n<\/div>\n<\/section>\n<\/header>\n<p><main class=\"main\"><\/p>\n<div class=\"new-wrapper\">\n<section class=\"new new__section\">\n<div class=\"wrapper flex space\">\n<div class=\"content texto\">\n<p>\u00abEsto es para toda la delegaci\u00f3n para mis pap\u00e1s y mis compa\u00f1eros\u00bb, agreg\u00f3 la nueva campeona panamericana junior.<\/p>\n<p>La carrera se disput\u00f3 a un ritmo exigente, con un promedio de 37.3 km\/h, reflejando la intensidad de la ruta y la calidad de las ciclistas. Con este triunfo, Argentina celebra un oro clave en Asu 2025.<\/p>\n<p>Benedetti ya hab\u00eda obtenido la plateada en la contrarreloj de ruta, otra medalla de plata en omnium y tambi\u00e9n integr\u00f3 la cuarteta de persecuci\u00f3n que fue segunda, ratificando su gran nivel tanto en pista como ruta.<\/p>\n<\/div>\n<\/div>\n<\/section>\n<\/div>\n<p><\/main><\/p>\n","protected":false},"excerpt":{"rendered":"<p>Julieta Benedetti Venturella protagoniz\u00f3 una llegada emocionante para quedarse con el oro en la prueba de ciclismo de ruta femenino<\/p>\n","protected":false},"author":2,"featured_media":59178,"comment_status":"closed","ping_status":"closed","sticky":false,"template":"","format":"standard","meta":{"footnotes":""},"categories":[4],"tags":[],"class_list":["post-59177","post","type-post","status-publish","format-standard","has-post-thumbnail","hentry","category-ciclismo"],"cc_featured_image_caption":{"caption_text":"","source_text":"","source_url":""},"_links":{"self":[{"href":"https:\/\/todoapulmon-rafaela.com\/index.php\/wp-json\/wp\/v2\/posts\/59177"}],"collection":[{"href":"https:\/\/todoapulmon-rafaela.com\/index.php\/wp-json\/wp\/v2\/posts"}],"about":[{"href":"https:\/\/todoapulmon-rafaela.com\/index.php\/wp-json\/wp\/v2\/types\/post"}],"author":[{"embeddable":true,"href":"https:\/\/todoapulmon-rafaela.com\/index.php\/wp-json\/wp\/v2\/users\/2"}],"replies":[{"embeddable":true,"href":"https:\/\/todoapulmon-rafaela.com\/index.php\/wp-json\/wp\/v2\/comments?post=59177"}],"version-history":[{"count":1,"href":"https:\/\/todoapulmon-rafaela.com\/index.php\/wp-json\/wp\/v2\/posts\/59177\/revisions"}],"predecessor-version":[{"id":59179,"href":"https:\/\/todoapulmon-rafaela.com\/index.php\/wp-json\/wp\/v2\/posts\/59177\/revisions\/59179"}],"wp:featuredmedia":[{"embeddable":true,"href":"https:\/\/todoapulmon-rafaela.com\/index.php\/wp-json\/wp\/v2\/media\/59178"}],"wp:attachment":[{"href":"https:\/\/todoapulmon-rafaela.com\/index.php\/wp-json\/wp\/v2\/media?parent=59177"}],"wp:term":[{"taxonomy":"category","embeddable":true,"href":"https:\/\/todoapulmon-rafaela.com\/index.php\/wp-json\/wp\/v2\/categories?post=59177"},{"taxonomy":"post_tag","embeddable":true,"href":"https:\/\/todoapulmon-rafaela.com\/index.php\/wp-json\/wp\/v2\/tags?post=59177"}],"curies":[{"name":"wp","href":"https:\/\/api.w.org\/{rel}","templated":true}]}}