{"id":59129,"date":"2025-08-15T01:31:06","date_gmt":"2025-08-15T01:31:06","guid":{"rendered":"https:\/\/todoapulmon-rafaela.com\/?p=59129"},"modified":"2025-08-15T01:31:06","modified_gmt":"2025-08-15T01:31:06","slug":"santiago-gruneiro-oro-en-el-omnium","status":"publish","type":"post","link":"https:\/\/todoapulmon-rafaela.com\/index.php\/2025\/08\/15\/santiago-gruneiro-oro-en-el-omnium\/","title":{"rendered":"Santiago Gru\u00f1eiro, oro en el omnium"},"content":{"rendered":"<p>La Selecci\u00f3n Argentina de ciclismo consigui\u00f3 su primera medalla de oro a trav\u00e9s del nicole\u00f1o Santiago Gru\u00f1eiro, que concret\u00f3 una gran actuaci\u00f3n en la prueba de Omnium. Adem\u00e1s Valentina M\u00e9ndez fue 4\u00aa en Velocidad.<\/p>\n<p>Santiago Gru\u00f1eiro sum\u00f3 la s\u00e9ptima medalla de oro para la delegaci\u00f3n argentina en los Juegos Panamericanos Juniors ASU2025 al imponerse en la exigente prueba del Omnium.<\/p>\n<p><img loading=\"lazy\" decoding=\"async\" class=\"alignnone size-full wp-image-59131\" src=\"https:\/\/todoapulmon-rafaela.com\/wp-content\/uploads\/2025\/08\/IMG-20250814-WA0029.jpg\" alt=\"\" width=\"1204\" height=\"1600\" srcset=\"https:\/\/todoapulmon-rafaela.com\/wp-content\/uploads\/2025\/08\/IMG-20250814-WA0029.jpg 1204w, https:\/\/todoapulmon-rafaela.com\/wp-content\/uploads\/2025\/08\/IMG-20250814-WA0029-226x300.jpg 226w, https:\/\/todoapulmon-rafaela.com\/wp-content\/uploads\/2025\/08\/IMG-20250814-WA0029-1129x1500.jpg 1129w, https:\/\/todoapulmon-rafaela.com\/wp-content\/uploads\/2025\/08\/IMG-20250814-WA0029-1156x1536.jpg 1156w\" sizes=\"(max-width: 1204px) 100vw, 1204px\" \/><\/p>\n<p>La jornada comenz\u00f3 con la prueba de scratch en donde Gru\u00f1eiro termin\u00f3 3\u00ba, no estuvo en la fuga que sac\u00f3 la vuelta con Rodrigues (Brasil) y Nava (M\u00e9xico), pero su ataque sobre el final le permiti\u00f3 sumar buenos puntos para la general.<\/p>\n<p>Con el 2\u00ba puesto en la tempo race qued\u00f3 al frente en la general, pero luego fue el primero en quedarse afuera en la eliminaci\u00f3n, situaci\u00f3n que lo hizo caer al 5\u00ba puesto del clasificador general.<\/p>\n<p>Con una clasificaci\u00f3n apretada se lleg\u00f3 a la prueba por puntos y ah\u00ed Santiago Gru\u00f1eiro demostr\u00f3 ser el m\u00e1s fuerte, sac\u00f3 2 vueltas sobre el pelot\u00f3n y gan\u00f3 la especialidad con un acumulado de 146 puntos, con Chile y Venezuela como escoltas.<\/p>\n<p>\u201cEsta medalla de oro es algo que so\u00f1\u00e9 desde que supe que vendr\u00eda a los Juegos, lamentablemente no se dio en la persecuci\u00f3n con los chicos, pero estoy muy contento y muy agradecido con los que hicieron esto posible, tanto FACPyR, UCRA, el Comit\u00e9 Ol\u00edmpico, el ENARD y todos los que nos dan la oportunidad de representar a Argentina a este nivel y en estos Juegos que son algo impresionante\u201d destac\u00f3 Gru\u00f1eiro despu\u00e9s del podio.<\/p>\n<p>Adem\u00e1s del bonaerense, la tercera jornada en el vel\u00f3dromo de Luque tuvo actividad para las damas con la prueba de velocidad en donde Valentina M\u00e9ndez termin\u00f3 4\u00aa y Guadalupe D\u00edaz lleg\u00f3 a cuartos de final.<\/p>\n<p>La oriunda de San Miguel, Valentina M\u00e9ndez clasific\u00f3 con el tercer mejor tiempo en la primera fase, marc\u00f3 11.259 segundos y fue una de las 3 ciclistas que estuvo por debajo del r\u00e9cord panamericano de Cali 2021 que era de 11.292 segundos.<\/p>\n<p>La catamarque\u00f1a Guadalupe D\u00edaz por su parte, marc\u00f3 12.165 segundos y se meti\u00f3 entre las 12 mejores para llegar a octavos de final, superar esa ronda v\u00eda repechaje y despedirse en los cuartos de final ante Stefany Cuadrado.<\/p>\n<p>M\u00e9ndez, pas\u00f3 con firmeza los octavos y los cuartos de final, pero luego cay\u00f3 en la semifinal con la colombiana Marianis Salazar y en la serie por la medalla de bronce no pudo ante la trinite\u00f1a Makaira Wallace.<\/p>\n<p>Este viernes se completar\u00e1 la actividad en la pista con el Keirin y la presencia de D\u00edaz y M\u00e9ndez en mujeres, Betique y Murillo en hombres.<\/p>\n<p>Las Madison ser\u00e1n las \u00faltimas dos competencias y all\u00ed estar\u00e1n Ludmila Aguirre y Abril Garz\u00f3n en mujeres y Mateo Duque junto a Agust\u00edn Ferrari entre los varones.<\/p>\n","protected":false},"excerpt":{"rendered":"<p>La Selecci\u00f3n Argentina de ciclismo consigui\u00f3 su primera medalla de oro a trav\u00e9s del nicole\u00f1o Santiago Gru\u00f1eiro, que concret\u00f3 una<\/p>\n","protected":false},"author":2,"featured_media":59130,"comment_status":"closed","ping_status":"closed","sticky":false,"template":"","format":"standard","meta":{"footnotes":""},"categories":[4],"tags":[],"class_list":["post-59129","post","type-post","status-publish","format-standard","has-post-thumbnail","hentry","category-ciclismo"],"cc_featured_image_caption":{"caption_text":"","source_text":"","source_url":""},"_links":{"self":[{"href":"https:\/\/todoapulmon-rafaela.com\/index.php\/wp-json\/wp\/v2\/posts\/59129"}],"collection":[{"href":"https:\/\/todoapulmon-rafaela.com\/index.php\/wp-json\/wp\/v2\/posts"}],"about":[{"href":"https:\/\/todoapulmon-rafaela.com\/index.php\/wp-json\/wp\/v2\/types\/post"}],"author":[{"embeddable":true,"href":"https:\/\/todoapulmon-rafaela.com\/index.php\/wp-json\/wp\/v2\/users\/2"}],"replies":[{"embeddable":true,"href":"https:\/\/todoapulmon-rafaela.com\/index.php\/wp-json\/wp\/v2\/comments?post=59129"}],"version-history":[{"count":1,"href":"https:\/\/todoapulmon-rafaela.com\/index.php\/wp-json\/wp\/v2\/posts\/59129\/revisions"}],"predecessor-version":[{"id":59132,"href":"https:\/\/todoapulmon-rafaela.com\/index.php\/wp-json\/wp\/v2\/posts\/59129\/revisions\/59132"}],"wp:featuredmedia":[{"embeddable":true,"href":"https:\/\/todoapulmon-rafaela.com\/index.php\/wp-json\/wp\/v2\/media\/59130"}],"wp:attachment":[{"href":"https:\/\/todoapulmon-rafaela.com\/index.php\/wp-json\/wp\/v2\/media?parent=59129"}],"wp:term":[{"taxonomy":"category","embeddable":true,"href":"https:\/\/todoapulmon-rafaela.com\/index.php\/wp-json\/wp\/v2\/categories?post=59129"},{"taxonomy":"post_tag","embeddable":true,"href":"https:\/\/todoapulmon-rafaela.com\/index.php\/wp-json\/wp\/v2\/tags?post=59129"}],"curies":[{"name":"wp","href":"https:\/\/api.w.org\/{rel}","templated":true}]}}