{"id":59075,"date":"2025-08-13T12:44:24","date_gmt":"2025-08-13T12:44:24","guid":{"rendered":"https:\/\/todoapulmon-rafaela.com\/?p=59075"},"modified":"2025-08-13T12:44:24","modified_gmt":"2025-08-13T12:44:24","slug":"tomas-mondino-ajusta-detalles-para-asuncion-y-en-septiembre-tendra-los-jadar","status":"publish","type":"post","link":"https:\/\/todoapulmon-rafaela.com\/index.php\/2025\/08\/13\/tomas-mondino-ajusta-detalles-para-asuncion-y-en-septiembre-tendra-los-jadar\/","title":{"rendered":"Tom\u00e1s Mondino ajusta detalles para Asunci\u00f3n y en septiembre tendr\u00e1 los JADAR"},"content":{"rendered":"<p>En la puesta a punto para su participaci\u00f3n en el <strong>relevo 4&#215;100 de los Juegos Panamericanos Juniors<\/strong> que ya comenzaron en Asunci\u00f3n, d\u00edas pasados el rafaelino <strong>Tom\u00e1s Mondino<\/strong> tuvo una concentraci\u00f3n en Rosario dispuesta por el Jefe de Equipo de la CADA Daniel D\u00edaz.<\/p>\n<p>En la misma se trabajaron distintos puntos de la prueba, que cont\u00f3 con la presencia de los atletas Juan Sagasta, Tom\u00e1s Mondino, y los hermanos Tom\u00e1s y Lucas Villegas, los miembros de la posta de varones que ver\u00e1 acci\u00f3n en la cita panamericana en tierras paraguayas el jueves 21 de agosto a las 19:40 horas.<\/p>\n<p><strong>LUEGO ESTARA EN LOS JADAR<\/strong><\/p>\n<p>En septiembre se realizar\u00e1n en la<strong> provincia de Santa Fe los Juegos Argentinos de Alto Rendimiento (JADAR), organizados por el Comit\u00e9 Ol\u00edmpico Argentino (COA)<\/strong>, en su primera edici\u00f3n, junto al Comit\u00e9 Paral\u00edmpico Argentino (COPAR). Los mismos se celebrar\u00e1n del 9 al 14 de septiembre en la ciudad de Rosario, pero las competencias de Atletismo Convencional y las del COPAR tendr\u00e1n lugar durante los d\u00edas 13-14 de septiembre. Cabe recordar que Rafaela ser\u00e1 subsede en ciclismo.<\/p>\n<p>La CADA, por mandato del COA, organizar\u00e1 y fiscalizar\u00e1 la competencia de atletismo, que tendr\u00e1 un programa reducido de 9 pruebas para cada sexo y de cupos limitados de atletas por pruebas (8 atletas<br \/>\nen cada prueba de carreras y 6 atletas cada prueba de campo), y en forma conjunta las pruebas de los atletas del COPAR.<\/p>\n<p>En este contexto de pruebas limitadas y cupos reducidos, Tom\u00e1s Mondino ser\u00e1 el \u00fanico representante en atletismo de nuestra ciudad, en 100 metros llanos. La competencia, con final directa, est\u00e1 programada para el s\u00e1bado 13 a las 16.30.<\/p>\n<p><img loading=\"lazy\" decoding=\"async\" class=\"alignnone size-full wp-image-59076\" src=\"https:\/\/todoapulmon-rafaela.com\/wp-content\/uploads\/2025\/08\/Screenshot_20250813-085737_Chrome.jpg\" alt=\"\" width=\"642\" height=\"375\" srcset=\"https:\/\/todoapulmon-rafaela.com\/wp-content\/uploads\/2025\/08\/Screenshot_20250813-085737_Chrome.jpg 642w, https:\/\/todoapulmon-rafaela.com\/wp-content\/uploads\/2025\/08\/Screenshot_20250813-085737_Chrome-300x175.jpg 300w\" sizes=\"(max-width: 642px) 100vw, 642px\" \/><\/p>\n<p><strong>Las pruebas en varones ser\u00e1n:<\/strong> Varones 100 \u2013 400 &#8211; 1500 &#8211; 5000 m. llanos -110 mts c\/v &#8211; Salto en Largo \u2013 Salto Triple &#8211; Lanzamiento de Bala \u2013 Lanzamiento Martillo \u2013 Posta 4 x 100 mts Mixta.<br \/>\n<strong>Mayores Mujeres:<\/strong> 100 \u2013 400 \u2013 1500 \u2013 5000 m llanos \u2013 100 mts c\/v \u2013 Salto en Largo \u2013 Alto \u2013 Lanzamiento<br \/>\nBala \u2013 Martillo.<\/p>\n","protected":false},"excerpt":{"rendered":"<p>En la puesta a punto para su participaci\u00f3n en el relevo 4&#215;100 de los Juegos Panamericanos Juniors que ya comenzaron<\/p>\n","protected":false},"author":2,"featured_media":59083,"comment_status":"closed","ping_status":"closed","sticky":false,"template":"","format":"standard","meta":{"footnotes":""},"categories":[7,24],"tags":[],"class_list":["post-59075","post","type-post","status-publish","format-standard","has-post-thumbnail","hentry","category-atletismo","category-noticias-destacadas"],"cc_featured_image_caption":{"caption_text":"La posta en uno de sus entrenamientos.","source_text":"","source_url":""},"_links":{"self":[{"href":"https:\/\/todoapulmon-rafaela.com\/index.php\/wp-json\/wp\/v2\/posts\/59075"}],"collection":[{"href":"https:\/\/todoapulmon-rafaela.com\/index.php\/wp-json\/wp\/v2\/posts"}],"about":[{"href":"https:\/\/todoapulmon-rafaela.com\/index.php\/wp-json\/wp\/v2\/types\/post"}],"author":[{"embeddable":true,"href":"https:\/\/todoapulmon-rafaela.com\/index.php\/wp-json\/wp\/v2\/users\/2"}],"replies":[{"embeddable":true,"href":"https:\/\/todoapulmon-rafaela.com\/index.php\/wp-json\/wp\/v2\/comments?post=59075"}],"version-history":[{"count":6,"href":"https:\/\/todoapulmon-rafaela.com\/index.php\/wp-json\/wp\/v2\/posts\/59075\/revisions"}],"predecessor-version":[{"id":59082,"href":"https:\/\/todoapulmon-rafaela.com\/index.php\/wp-json\/wp\/v2\/posts\/59075\/revisions\/59082"}],"wp:featuredmedia":[{"embeddable":true,"href":"https:\/\/todoapulmon-rafaela.com\/index.php\/wp-json\/wp\/v2\/media\/59083"}],"wp:attachment":[{"href":"https:\/\/todoapulmon-rafaela.com\/index.php\/wp-json\/wp\/v2\/media?parent=59075"}],"wp:term":[{"taxonomy":"category","embeddable":true,"href":"https:\/\/todoapulmon-rafaela.com\/index.php\/wp-json\/wp\/v2\/categories?post=59075"},{"taxonomy":"post_tag","embeddable":true,"href":"https:\/\/todoapulmon-rafaela.com\/index.php\/wp-json\/wp\/v2\/tags?post=59075"}],"curies":[{"name":"wp","href":"https:\/\/api.w.org\/{rel}","templated":true}]}}