{"id":58912,"date":"2025-08-09T14:46:53","date_gmt":"2025-08-09T14:46:53","guid":{"rendered":"https:\/\/todoapulmon-rafaela.com\/?p=58912"},"modified":"2025-08-09T14:46:53","modified_gmt":"2025-08-09T14:46:53","slug":"la-seleccion-de-ciclismo-lista-para-su-debut-en-asu-2025","status":"publish","type":"post","link":"https:\/\/todoapulmon-rafaela.com\/index.php\/2025\/08\/09\/la-seleccion-de-ciclismo-lista-para-su-debut-en-asu-2025\/","title":{"rendered":"La selecci\u00f3n de ciclismo lista para su debut en ASU 2025"},"content":{"rendered":"<p>Los Juegos Panamericanos de la Juventud ASU2025 comienzan este s\u00e1bado y la Selecci\u00f3n Argentina, que tiene al rafaelino Daniel Capella entre sus entrenadores, se prepara su debut.<\/p>\n<p>El domingo 10 de agosto, el ciclismo abrir\u00e1 su calendario en la segunda edici\u00f3n de los Juegos Panamericanos de la Juventud con las pruebas de contrarreloj individual que tendr\u00e1n lugar en la costanera de Asunci\u00f3n.<\/p>\n<p>Sobre la 9:00 horas se llevar\u00e1 a cabo la primera competencia y all\u00ed estar\u00e1n la sanjuanina Delfina Dibella y la mendocina Julieta Benedetti buscando sus mejores tiempos en una prueba que se extender\u00e1 sobre 26,6 kil\u00f3metros.<\/p>\n<p>En segundo turno, desde las 11:30 ser\u00e1n los varones los encargados de llenar de ciclismo la costanera de la capital paraguaya.<\/p>\n<p>Octavio Salm\u00f3n, oriundo de Ca\u00f1uelas y el sanjuanino Mateo Kalejman, actual campe\u00f3n argentino y panamericano de la especialidad ser\u00e1n nuestros representantes.<\/p>\n<p>La contrarreloj se llevar\u00e1 a cabo sobre un circuito de 13,3 kil\u00f3metros de extensi\u00f3n en la costanera de la ciudad de Asunci\u00f3n, all\u00ed las mujeres girar\u00e1n en dos ocasiones, mientras que los varones completar\u00e1n tres vueltas.<\/p>\n<p>El programa de ASU2025 indica que entre el martes 12 y el viernes 15 de competir\u00e1 en el vel\u00f3dromo de la localidad de Luque y el domingo 17 la competencia volver\u00e1 a la ruta para las pruebas de pelot\u00f3n.<\/p>\n","protected":false},"excerpt":{"rendered":"<p>Los Juegos Panamericanos de la Juventud ASU2025 comienzan este s\u00e1bado y la Selecci\u00f3n Argentina, que tiene al rafaelino Daniel Capella<\/p>\n","protected":false},"author":2,"featured_media":58923,"comment_status":"closed","ping_status":"closed","sticky":false,"template":"","format":"standard","meta":{"footnotes":""},"categories":[4,24],"tags":[],"class_list":["post-58912","post","type-post","status-publish","format-standard","has-post-thumbnail","hentry","category-ciclismo","category-noticias-destacadas"],"cc_featured_image_caption":{"caption_text":"","source_text":"","source_url":""},"_links":{"self":[{"href":"https:\/\/todoapulmon-rafaela.com\/index.php\/wp-json\/wp\/v2\/posts\/58912"}],"collection":[{"href":"https:\/\/todoapulmon-rafaela.com\/index.php\/wp-json\/wp\/v2\/posts"}],"about":[{"href":"https:\/\/todoapulmon-rafaela.com\/index.php\/wp-json\/wp\/v2\/types\/post"}],"author":[{"embeddable":true,"href":"https:\/\/todoapulmon-rafaela.com\/index.php\/wp-json\/wp\/v2\/users\/2"}],"replies":[{"embeddable":true,"href":"https:\/\/todoapulmon-rafaela.com\/index.php\/wp-json\/wp\/v2\/comments?post=58912"}],"version-history":[{"count":2,"href":"https:\/\/todoapulmon-rafaela.com\/index.php\/wp-json\/wp\/v2\/posts\/58912\/revisions"}],"predecessor-version":[{"id":58924,"href":"https:\/\/todoapulmon-rafaela.com\/index.php\/wp-json\/wp\/v2\/posts\/58912\/revisions\/58924"}],"wp:featuredmedia":[{"embeddable":true,"href":"https:\/\/todoapulmon-rafaela.com\/index.php\/wp-json\/wp\/v2\/media\/58923"}],"wp:attachment":[{"href":"https:\/\/todoapulmon-rafaela.com\/index.php\/wp-json\/wp\/v2\/media?parent=58912"}],"wp:term":[{"taxonomy":"category","embeddable":true,"href":"https:\/\/todoapulmon-rafaela.com\/index.php\/wp-json\/wp\/v2\/categories?post=58912"},{"taxonomy":"post_tag","embeddable":true,"href":"https:\/\/todoapulmon-rafaela.com\/index.php\/wp-json\/wp\/v2\/tags?post=58912"}],"curies":[{"name":"wp","href":"https:\/\/api.w.org\/{rel}","templated":true}]}}