{"id":58857,"date":"2025-08-06T23:56:30","date_gmt":"2025-08-06T23:56:30","guid":{"rendered":"https:\/\/todoapulmon-rafaela.com\/?p=58857"},"modified":"2025-08-07T00:26:22","modified_gmt":"2025-08-07T00:26:22","slug":"tras-el-provincial-en-san-jorge-emi-y-lucia-rumbo-al-nacional-buscando-un-lugar-en-el-mundial","status":"publish","type":"post","link":"https:\/\/todoapulmon-rafaela.com\/index.php\/2025\/08\/06\/tras-el-provincial-en-san-jorge-emi-y-lucia-rumbo-al-nacional-buscando-un-lugar-en-el-mundial\/","title":{"rendered":"Tras el Provincial en San Jorge, Emi y Luc\u00eda rumbo al Nacional buscando un lugar en el Mundial"},"content":{"rendered":"<p>El pasado fin de semana se realiz\u00f3 en San Jorge el segundo campeonato Provincial de la Federaci\u00f3n Santafesina de Gimnasia, donde tuvieron destacada performance las gimnastas de CREAR Club, en los distintos Niveles.<\/p>\n<p>Cabe mencionar que fue la puesta a punto en la previa para Emilia Acosta y Luc\u00eda Gonz\u00e1lez, que este s\u00e1bado tendr\u00e1n el Nacional Federativo en el CENARD, clasificatorio para el Mundial por Aparatos que ser\u00e1 en septiembre en Francia y Hungr\u00eda. Las deportistas entrenadas por V\u00edctor Ingaramo tienen importantes expectativas para ganarse un lugar que les permita representar nuevamente a nuestro pa\u00eds en el primer nivel internacional.<\/p>\n<p><strong>LOS RESULTADOS DEL PROVINCIAL<\/strong><\/p>\n<p><strong>NIVEL 10<\/strong><\/p>\n<p>Emilia Acosta 1er puesto<br \/>\nLuc\u00eda Gonz\u00e1lez 2do puesto<\/p>\n<p><strong>NIVEL 4<\/strong><br \/>\nDana Botto 17\u00aa<br \/>\nDelfina Isaurralde 6\u00aa<br \/>\nCelina Moreno 2\u00aa<\/p>\n<p><img loading=\"lazy\" decoding=\"async\" class=\"alignnone size-full wp-image-58860\" src=\"https:\/\/todoapulmon-rafaela.com\/wp-content\/uploads\/2025\/08\/IMG-20250806-WA0010-scaled.jpg\" alt=\"\" width=\"1441\" height=\"2560\" srcset=\"https:\/\/todoapulmon-rafaela.com\/wp-content\/uploads\/2025\/08\/IMG-20250806-WA0010-scaled.jpg 1441w, https:\/\/todoapulmon-rafaela.com\/wp-content\/uploads\/2025\/08\/IMG-20250806-WA0010-169x300.jpg 169w, https:\/\/todoapulmon-rafaela.com\/wp-content\/uploads\/2025\/08\/IMG-20250806-WA0010-845x1500.jpg 845w, https:\/\/todoapulmon-rafaela.com\/wp-content\/uploads\/2025\/08\/IMG-20250806-WA0010-865x1536.jpg 865w, https:\/\/todoapulmon-rafaela.com\/wp-content\/uploads\/2025\/08\/IMG-20250806-WA0010-1153x2048.jpg 1153w\" sizes=\"(max-width: 1441px) 100vw, 1441px\" \/><\/p>\n<p>Nivel 8 juvenil: Araceli Burgos 3\u00aa<\/p>\n<p><strong>NIVEL 3<\/strong><br \/>\nCarola Rizzo 2\u00aa<br \/>\nAnita Vega 6\u00aa<br \/>\nLucia Morero 6\u00aa<br \/>\nEmilia Dallaglio 10\u00aa<\/p>\n<p><img loading=\"lazy\" decoding=\"async\" class=\"alignnone size-full wp-image-58861\" src=\"https:\/\/todoapulmon-rafaela.com\/wp-content\/uploads\/2025\/08\/IMG-20250806-WA0014-scaled.jpg\" alt=\"\" width=\"1441\" height=\"2560\" srcset=\"https:\/\/todoapulmon-rafaela.com\/wp-content\/uploads\/2025\/08\/IMG-20250806-WA0014-scaled.jpg 1441w, https:\/\/todoapulmon-rafaela.com\/wp-content\/uploads\/2025\/08\/IMG-20250806-WA0014-169x300.jpg 169w, https:\/\/todoapulmon-rafaela.com\/wp-content\/uploads\/2025\/08\/IMG-20250806-WA0014-845x1500.jpg 845w, https:\/\/todoapulmon-rafaela.com\/wp-content\/uploads\/2025\/08\/IMG-20250806-WA0014-865x1536.jpg 865w, https:\/\/todoapulmon-rafaela.com\/wp-content\/uploads\/2025\/08\/IMG-20250806-WA0014-1153x2048.jpg 1153w\" sizes=\"(max-width: 1441px) 100vw, 1441px\" \/><\/p>\n<p>Helena Pfaffen 8\u00aa<br \/>\nJosefina Peirotti 11\u00aa<\/p>\n<p>Simona Demo 2\u00b0<br \/>\nIsabella Pellatti 1\u00b0<br \/>\nSof\u00eda Sosa 13\u00b0<\/p>\n<p><img loading=\"lazy\" decoding=\"async\" class=\"alignnone size-full wp-image-58862\" src=\"https:\/\/todoapulmon-rafaela.com\/wp-content\/uploads\/2025\/08\/IMG-20250806-WA0018-scaled.jpg\" alt=\"\" width=\"1920\" height=\"2560\" srcset=\"https:\/\/todoapulmon-rafaela.com\/wp-content\/uploads\/2025\/08\/IMG-20250806-WA0018-scaled.jpg 1920w, https:\/\/todoapulmon-rafaela.com\/wp-content\/uploads\/2025\/08\/IMG-20250806-WA0018-225x300.jpg 225w, https:\/\/todoapulmon-rafaela.com\/wp-content\/uploads\/2025\/08\/IMG-20250806-WA0018-1125x1500.jpg 1125w, https:\/\/todoapulmon-rafaela.com\/wp-content\/uploads\/2025\/08\/IMG-20250806-WA0018-1152x1536.jpg 1152w, https:\/\/todoapulmon-rafaela.com\/wp-content\/uploads\/2025\/08\/IMG-20250806-WA0018-1536x2048.jpg 1536w\" sizes=\"(max-width: 1920px) 100vw, 1920px\" \/><\/p>\n<p>Amelia Bertoldt 9\u00aa<\/p>\n<p><strong>NIVEL 2<\/strong><br \/>\nCatalina Schmidt 1\u00aa<\/p>\n<p>Guillermina Oronas 3\u00aa<br \/>\nMarga Vega 5\u00aa<br \/>\nEugenia Ramondelli 24\u00aa<br \/>\nFrancina Acosta 25\u00aa<br \/>\nAlma Mart\u00ednez 27\u00aa<\/p>\n<p>Pierina Porta 1\u00aa<br \/>\nAlma Cuffia 2\u00aa.<\/p>\n<p>&nbsp;<\/p>\n","protected":false},"excerpt":{"rendered":"<p>El pasado fin de semana se realiz\u00f3 en San Jorge el segundo campeonato Provincial de la Federaci\u00f3n Santafesina de Gimnasia,<\/p>\n","protected":false},"author":2,"featured_media":58865,"comment_status":"closed","ping_status":"closed","sticky":false,"template":"","format":"standard","meta":{"footnotes":""},"categories":[24],"tags":[],"class_list":["post-58857","post","type-post","status-publish","format-standard","has-post-thumbnail","hentry","category-noticias-destacadas"],"cc_featured_image_caption":{"caption_text":"Luc\u00eda Gonz\u00e1lez y Emilia Acosta (foto Crear Club).","source_text":"","source_url":""},"_links":{"self":[{"href":"https:\/\/todoapulmon-rafaela.com\/index.php\/wp-json\/wp\/v2\/posts\/58857"}],"collection":[{"href":"https:\/\/todoapulmon-rafaela.com\/index.php\/wp-json\/wp\/v2\/posts"}],"about":[{"href":"https:\/\/todoapulmon-rafaela.com\/index.php\/wp-json\/wp\/v2\/types\/post"}],"author":[{"embeddable":true,"href":"https:\/\/todoapulmon-rafaela.com\/index.php\/wp-json\/wp\/v2\/users\/2"}],"replies":[{"embeddable":true,"href":"https:\/\/todoapulmon-rafaela.com\/index.php\/wp-json\/wp\/v2\/comments?post=58857"}],"version-history":[{"count":3,"href":"https:\/\/todoapulmon-rafaela.com\/index.php\/wp-json\/wp\/v2\/posts\/58857\/revisions"}],"predecessor-version":[{"id":58864,"href":"https:\/\/todoapulmon-rafaela.com\/index.php\/wp-json\/wp\/v2\/posts\/58857\/revisions\/58864"}],"wp:featuredmedia":[{"embeddable":true,"href":"https:\/\/todoapulmon-rafaela.com\/index.php\/wp-json\/wp\/v2\/media\/58865"}],"wp:attachment":[{"href":"https:\/\/todoapulmon-rafaela.com\/index.php\/wp-json\/wp\/v2\/media?parent=58857"}],"wp:term":[{"taxonomy":"category","embeddable":true,"href":"https:\/\/todoapulmon-rafaela.com\/index.php\/wp-json\/wp\/v2\/categories?post=58857"},{"taxonomy":"post_tag","embeddable":true,"href":"https:\/\/todoapulmon-rafaela.com\/index.php\/wp-json\/wp\/v2\/tags?post=58857"}],"curies":[{"name":"wp","href":"https:\/\/api.w.org\/{rel}","templated":true}]}}