{"id":58783,"date":"2025-08-05T12:09:46","date_gmt":"2025-08-05T12:09:46","guid":{"rendered":"https:\/\/todoapulmon-rafaela.com\/?p=58783"},"modified":"2025-08-05T12:31:30","modified_gmt":"2025-08-05T12:31:30","slug":"rafaelinos-fueron-campeones-en-el-provincial-de-padel","status":"publish","type":"post","link":"https:\/\/todoapulmon-rafaela.com\/index.php\/2025\/08\/05\/rafaelinos-fueron-campeones-en-el-provincial-de-padel\/","title":{"rendered":"Rafaelinos fueron campeones en el Provincial de P\u00e1del"},"content":{"rendered":"<p>El reciente fin de semana se desarroll\u00f3 en Santa Fe el torneo Provincial de P\u00e1del donde en diferentes categor\u00edas tuvieron destacadas performances jugadores de nuestra ciudad, con varios clasificados para el certamen Nacional.<\/p>\n<p>Fabrizio Garc\u00eda, con su compa\u00f1ero Thomas Aralla, fueron campeones de Segunda categor\u00eda. En la final se impusieron a Rossini-Gonz\u00e1lez por 6-2 y 6-4.<\/p>\n<p>En tanto, Micael Chappini y Gino Pavetti fueron campeones en Tercera categor\u00eda. En el partido por el t\u00edtulo superaron a Antoniazzi-Aguilar por 7-6 y 6-4.<\/p>\n<p><img loading=\"lazy\" decoding=\"async\" class=\"alignnone size-medium wp-image-58785\" src=\"https:\/\/todoapulmon-rafaela.com\/wp-content\/uploads\/2025\/08\/IMG_20250805_084915_413-218x300.jpg\" alt=\"\" width=\"218\" height=\"300\" srcset=\"https:\/\/todoapulmon-rafaela.com\/wp-content\/uploads\/2025\/08\/IMG_20250805_084915_413-218x300.jpg 218w, https:\/\/todoapulmon-rafaela.com\/wp-content\/uploads\/2025\/08\/IMG_20250805_084915_413.jpg 517w\" sizes=\"(max-width: 218px) 100vw, 218px\" \/><\/p>\n<p>En cuarta categor\u00eda, Bruno G\u00f3mez (junto a S. Rostagno), perdi\u00f3 en semifinales.<br \/>\nAdem\u00e1s, Celeste Massoni perdi\u00f3 en semifinales de cuarta categor\u00eda mujeres (junto a B. Larrea).<\/p>\n<p>En quinta categor\u00eda de damas, Paula Weimer (Rafaela, jugando con M. Bratti) fue campeona y Daniela Serafini (Rafaela, junto a C. Bulasio) subcampeona.<\/p>\n<p><img loading=\"lazy\" decoding=\"async\" class=\"alignnone size-medium wp-image-58788\" src=\"https:\/\/todoapulmon-rafaela.com\/wp-content\/uploads\/2025\/08\/IMG_20250805_085421_663-227x300.jpg\" alt=\"\" width=\"227\" height=\"300\" srcset=\"https:\/\/todoapulmon-rafaela.com\/wp-content\/uploads\/2025\/08\/IMG_20250805_085421_663-227x300.jpg 227w, https:\/\/todoapulmon-rafaela.com\/wp-content\/uploads\/2025\/08\/IMG_20250805_085421_663.jpg 490w\" sizes=\"(max-width: 227px) 100vw, 227px\" \/><\/p>\n<p>Garc\u00eda (Segunda C), Chappini (Tercera C), Pavetti (Tercera C), Weimer (Quinta D) y Serafini (Quinta D) viajar\u00e1n a C\u00f3rdoba para afrontar el Nacional representando a Santa Fe.<\/p>\n<p><img loading=\"lazy\" decoding=\"async\" class=\"alignnone size-medium wp-image-58789\" src=\"https:\/\/todoapulmon-rafaela.com\/wp-content\/uploads\/2025\/08\/IMG_20250805_085427_792-230x300.jpg\" alt=\"\" width=\"230\" height=\"300\" srcset=\"https:\/\/todoapulmon-rafaela.com\/wp-content\/uploads\/2025\/08\/IMG_20250805_085427_792-230x300.jpg 230w, https:\/\/todoapulmon-rafaela.com\/wp-content\/uploads\/2025\/08\/IMG_20250805_085427_792.jpg 497w\" sizes=\"(max-width: 230px) 100vw, 230px\" \/><\/p>\n<p>En Santa Fe, cabe acotar que llegaron hasta cuartos de final Pablo Medina-V\u00edctor Fuhr en Tercera caballeros, mientras que hasta similar instancia jugaron Paloma Bovier junto a Agustina Schmidt en Sexta damas.<\/p>\n","protected":false},"excerpt":{"rendered":"<p>El reciente fin de semana se desarroll\u00f3 en Santa Fe el torneo Provincial de P\u00e1del donde en diferentes categor\u00edas tuvieron<\/p>\n","protected":false},"author":2,"featured_media":58793,"comment_status":"closed","ping_status":"closed","sticky":false,"template":"","format":"standard","meta":{"footnotes":""},"categories":[24],"tags":[],"class_list":["post-58783","post","type-post","status-publish","format-standard","has-post-thumbnail","hentry","category-noticias-destacadas"],"cc_featured_image_caption":{"caption_text":"Garc\u00eda (derecha) prolong\u00f3 su buen presente en el Provincial.","source_text":"","source_url":""},"_links":{"self":[{"href":"https:\/\/todoapulmon-rafaela.com\/index.php\/wp-json\/wp\/v2\/posts\/58783"}],"collection":[{"href":"https:\/\/todoapulmon-rafaela.com\/index.php\/wp-json\/wp\/v2\/posts"}],"about":[{"href":"https:\/\/todoapulmon-rafaela.com\/index.php\/wp-json\/wp\/v2\/types\/post"}],"author":[{"embeddable":true,"href":"https:\/\/todoapulmon-rafaela.com\/index.php\/wp-json\/wp\/v2\/users\/2"}],"replies":[{"embeddable":true,"href":"https:\/\/todoapulmon-rafaela.com\/index.php\/wp-json\/wp\/v2\/comments?post=58783"}],"version-history":[{"count":6,"href":"https:\/\/todoapulmon-rafaela.com\/index.php\/wp-json\/wp\/v2\/posts\/58783\/revisions"}],"predecessor-version":[{"id":58795,"href":"https:\/\/todoapulmon-rafaela.com\/index.php\/wp-json\/wp\/v2\/posts\/58783\/revisions\/58795"}],"wp:featuredmedia":[{"embeddable":true,"href":"https:\/\/todoapulmon-rafaela.com\/index.php\/wp-json\/wp\/v2\/media\/58793"}],"wp:attachment":[{"href":"https:\/\/todoapulmon-rafaela.com\/index.php\/wp-json\/wp\/v2\/media?parent=58783"}],"wp:term":[{"taxonomy":"category","embeddable":true,"href":"https:\/\/todoapulmon-rafaela.com\/index.php\/wp-json\/wp\/v2\/categories?post=58783"},{"taxonomy":"post_tag","embeddable":true,"href":"https:\/\/todoapulmon-rafaela.com\/index.php\/wp-json\/wp\/v2\/tags?post=58783"}],"curies":[{"name":"wp","href":"https:\/\/api.w.org\/{rel}","templated":true}]}}