{"id":58727,"date":"2025-08-03T22:22:24","date_gmt":"2025-08-03T22:22:24","guid":{"rendered":"https:\/\/todoapulmon-rafaela.com\/?p=58727"},"modified":"2025-08-03T22:23:05","modified_gmt":"2025-08-03T22:23:05","slug":"ciclistas-rafaelinos-clasificaron-a-los-juegos-jadar","status":"publish","type":"post","link":"https:\/\/todoapulmon-rafaela.com\/index.php\/2025\/08\/03\/ciclistas-rafaelinos-clasificaron-a-los-juegos-jadar\/","title":{"rendered":"Ciclistas rafaelinos clasificaron a los Juegos JADAR"},"content":{"rendered":"<p>En un domingo de intensa actividad, se realizaron este domingo en nuestra ciudad las Selectivas de pista y ruta para los Juegos Argentinos de Alto Rendimiento (JADAR), que tendr\u00e1n a Rafaela como subsede. De la misma participaron pedalistas de la provincia de Santa Fe o que representan a Asociaciones integrantes del territorio provincial.<\/p>\n<p>En el aut\u00f3dromo \u00abCiudad de Rafaela\u00bb se efectuaron en primer t\u00e9rmino las contrarreloj, que tuvieron estos resultados:<\/p>\n<p><strong>Damas:<\/strong> 1) Jennifer Francone en 13m 02s 453 (ACCOS, 2) Mar\u00eda Yanina Acosta (ACCOS), ambas clasificadas; 3) Patricia Romero (Santafesina). Hubo seis inscriptas.<\/p>\n<p><strong>Varones:<\/strong> 1) Bautista Nichea en 24m 54s 758 (Santafesina), 2) Juan Manuel Aguirre (Litoral Santafesino), ambos clasificados; 3) Germ\u00e1n Giorgis (Litoral Santafesino). Hubo 5 inscriptos.<\/p>\n<p>Luego, sobre el mediod\u00eda, se realizaron las Selectivas para el Keirin, \u00fanica modalidad de pista que lo requer\u00eda.<\/p>\n<p>Los resultados fueron estos: <strong>1) Lucas Peretti (ACCOS)<\/strong>, 2) Alejo Betique (ACCOS), 3) Ignacio Di Rico (Santafesina), los tres clasificados. Tambi\u00e9n compitieron Nicol\u00e1s Ardana -sufri\u00f3 una ca\u00edda-, Leandro Ardana y Mart\u00edn Huerga.<\/p>\n<p><img loading=\"lazy\" decoding=\"async\" class=\"alignnone size-full wp-image-58729\" src=\"https:\/\/todoapulmon-rafaela.com\/wp-content\/uploads\/2025\/08\/P1560379_resultado.jpg\" alt=\"\" width=\"1600\" height=\"1200\" srcset=\"https:\/\/todoapulmon-rafaela.com\/wp-content\/uploads\/2025\/08\/P1560379_resultado.jpg 1600w, https:\/\/todoapulmon-rafaela.com\/wp-content\/uploads\/2025\/08\/P1560379_resultado-300x225.jpg 300w, https:\/\/todoapulmon-rafaela.com\/wp-content\/uploads\/2025\/08\/P1560379_resultado-1536x1152.jpg 1536w\" sizes=\"(max-width: 1600px) 100vw, 1600px\" \/><\/p>\n<p>Finalmente, el cierre fue otra vez en el aut\u00f3dromo con las pruebas de pelot\u00f3n, con estas clasificaciones:<\/p>\n<p><strong>Damas:<\/strong> 1) Natalia Zeballos (Santafesina), 2) Macarena Cecco (Litoral Santafesino), 3) Vanesa Zeman (Santafesina), <strong>4) Ayl\u00e9n Salti (ACCOS)<\/strong>, las cuatro clasificadas. Participaron 7 corredoras.<\/p>\n<p><strong>Varones:<\/strong> <strong>1) Germ\u00e1n Leandri (ACCOS), 2) Jos\u00e9 Leandri (ACCOS), 3) Cristian Pernuzzi (ACCOS), 4) Gabriel Durando (ACCOS)<\/strong>, los cuatro clasificados. 5) Santiago Gru\u00f1eiro (ACINORSA), 6) Mat\u00edas Pernuzzi (ACCOS), 7) David Leandri (ACCOS), 8) Nahuel Ib\u00e1\u00f1ez (ACCOS), 9) Lautaro Salti (ACCOS), 10) Facundo Milessi (Litoral Santafesino). Hubo 13 inscriptos.<\/p>\n<p>De tal manera, luego de estas selectivas consiguieron su lugar en los Juegos, Lucas Peretti en pista; y en Ruta, Germ\u00e1n y Jos\u00e9 Leandri, Cristian Pernuzzi, Gabriel Durando y Ayl\u00e9n Salti. El ciclismo de los JADAR se correr\u00e1 en Rafaela del 12 al 14 de septiembre.<\/p>\n","protected":false},"excerpt":{"rendered":"<p>En un domingo de intensa actividad, se realizaron este domingo en nuestra ciudad las Selectivas de pista y ruta para<\/p>\n","protected":false},"author":2,"featured_media":58728,"comment_status":"closed","ping_status":"closed","sticky":false,"template":"","format":"standard","meta":{"footnotes":""},"categories":[4,24],"tags":[],"class_list":["post-58727","post","type-post","status-publish","format-standard","has-post-thumbnail","hentry","category-ciclismo","category-noticias-destacadas"],"cc_featured_image_caption":{"caption_text":"Germ\u00e1n Leandri se impuso en la pelot\u00f3n (Foto TTL Deportes).","source_text":"","source_url":""},"_links":{"self":[{"href":"https:\/\/todoapulmon-rafaela.com\/index.php\/wp-json\/wp\/v2\/posts\/58727"}],"collection":[{"href":"https:\/\/todoapulmon-rafaela.com\/index.php\/wp-json\/wp\/v2\/posts"}],"about":[{"href":"https:\/\/todoapulmon-rafaela.com\/index.php\/wp-json\/wp\/v2\/types\/post"}],"author":[{"embeddable":true,"href":"https:\/\/todoapulmon-rafaela.com\/index.php\/wp-json\/wp\/v2\/users\/2"}],"replies":[{"embeddable":true,"href":"https:\/\/todoapulmon-rafaela.com\/index.php\/wp-json\/wp\/v2\/comments?post=58727"}],"version-history":[{"count":1,"href":"https:\/\/todoapulmon-rafaela.com\/index.php\/wp-json\/wp\/v2\/posts\/58727\/revisions"}],"predecessor-version":[{"id":58730,"href":"https:\/\/todoapulmon-rafaela.com\/index.php\/wp-json\/wp\/v2\/posts\/58727\/revisions\/58730"}],"wp:featuredmedia":[{"embeddable":true,"href":"https:\/\/todoapulmon-rafaela.com\/index.php\/wp-json\/wp\/v2\/media\/58728"}],"wp:attachment":[{"href":"https:\/\/todoapulmon-rafaela.com\/index.php\/wp-json\/wp\/v2\/media?parent=58727"}],"wp:term":[{"taxonomy":"category","embeddable":true,"href":"https:\/\/todoapulmon-rafaela.com\/index.php\/wp-json\/wp\/v2\/categories?post=58727"},{"taxonomy":"post_tag","embeddable":true,"href":"https:\/\/todoapulmon-rafaela.com\/index.php\/wp-json\/wp\/v2\/tags?post=58727"}],"curies":[{"name":"wp","href":"https:\/\/api.w.org\/{rel}","templated":true}]}}