{"id":58675,"date":"2025-08-02T00:15:54","date_gmt":"2025-08-02T00:15:54","guid":{"rendered":"https:\/\/todoapulmon-rafaela.com\/?p=58675"},"modified":"2025-08-02T00:15:54","modified_gmt":"2025-08-02T00:15:54","slug":"rafaela-le-dio-la-bienvenida-a-la-seleccion-argentina-de-ciclismo","status":"publish","type":"post","link":"https:\/\/todoapulmon-rafaela.com\/index.php\/2025\/08\/02\/rafaela-le-dio-la-bienvenida-a-la-seleccion-argentina-de-ciclismo\/","title":{"rendered":"Rafaela le dio la bienvenida a la selecci\u00f3n argentina de ciclismo"},"content":{"rendered":"<p>En el Centro Metropolitano La Estaci\u00f3n se realiz\u00f3 este viernes la entrega de la indumentaria oficial a la selecci\u00f3n argentina de ciclismo, que participar\u00e1 en pocos d\u00edas de los Juegos Panamericanos Juniors, en Asunci\u00f3n.<br \/>\nDel acto tomaron parte autoridades locales encabezadas por el intentende Leonardo Viotti y el Subsecretario de Deportes, Hugo Morel; la Subsecretaria de Deporte Federado, Silvina Rodriguez Mes\u00f3n; y dirigentes del deporte del pedal a nivel nacional,como Jorge Chica (presidente de UCRA); Marcelo Lanzi (presidente de FACPyR); Adri\u00e1n Della Torre (secretario de FACPyR y presidente del Club Ciclista de Rafaela), junto a sponsors y entrenadores, entre ellos Walter P\u00e9rez y Daniel Capella.<\/p>\n<p>Esta presentaci\u00f3n fue un poco el inicio de semanas de gran actividad para este deporte, ya que este domingo ser\u00e1n las Selectivas de Pista y Ruta para los Juegos JADAR del mes venidero, que tendr\u00e1n a nuestra ciudad como subsede.<br \/>\n<strong>\u00abEl ciclismo en Rafaela tiene una historia muy potente, muy linda, dirigentes como Norberto Capella aqu\u00ed presente, han logrado un Club Ciclista como el que tenemos, con un vel\u00f3dromo que ahora va a tener un hermanito mayor. Rafaela es una ciudad pujante, que le gusta so\u00f1ar en grande, por eso aceptamos el desaf\u00edo de ser sede de los Juegos Odesur, que ser\u00e1n en septiembre del a\u00f1o que viene. Esos Juegos van a dejar infraestructura importante a la ciudad como ese vel\u00f3dromo que nos va a permitir seguir so\u00f1ando, trabajando codo a codo para que el resto del pa\u00eds y el mundo sigan viniendo a nuestra ciudad\u00bb, manifest\u00f3 Viotti en sus palabras a los presentes.<\/strong><br \/>\n<strong>Adem\u00e1s, le dio la bienvenida al seleccionado que concentrar\u00e1 una semana en el Club Ciclista antes de viajar a la capital paraguaya, expresando que \u00abustedes est\u00e1n construyendo el presente, para nosotros es un orgullo tenerlos en la ciudad\u00bb.<\/strong><\/p>\n<p>En tanto, Morel expres\u00f3 que \u00ablos Juegos Jadar es un evento que necesitaban los deportistas argentinos dentro del ciclo ol\u00edmpico, nuestra ciudad va a ser centro de eso y de otra parada de ese ciclo como los Odesur. Nos mostrarnos de cara al mundo, estos desafios vienen llenos de inversiones, vamos a transformar la matriz del deporte en nuestra ciudad y la llave que nos abre la puerta, nos la da el ciclismo, por eso los abrazamos, estamos orgullosos de ser parte de esto y esperemos que se sientan como en casa\u00bb.<br \/>\nLanzi, en tanto, puntualiz\u00f3 que \u00abpara nosotros es muy importante hacer este lanzamiento de la nueva vestimenta que va a tener la selecci\u00f3n argentina de ciclismo. Esperando ansiosos que tengamos la pista techada de madera que es el sue\u00f1o de todos\u00bb.<\/p>\n<p>La indumentaria para los ciclistas en competencia ser\u00e1 Santini, que seg\u00fan manifestaron los dirigentes \u00fanicamente como selecci\u00f3n ser\u00e1n sponsor de Argentina, y la de tiempo libre que se suma es Sonder.<\/p>\n<p>Tambi\u00e9n hubo palabras de elogio para nuestra ciudad del Diputado Chica, manifestando su satisfacci\u00f3n por la r\u00e1pida respuesta a las inquietudes para trabajar en bien del desarrollo deportivo y con la educaci\u00f3n, que tuvo de parte de las autoridades. El sanjuanino es un apasionado del ciclismo y del deporte en general, y trata de impulsar su nueva visi\u00f3n a nivel dirigencial en el deporte nacional.<\/p>\n<p><strong>CRONOGRAMA<\/strong><br \/>\nEl domingo por la ma\u00f1ana las selectivas arrancar\u00e1n con la contrarreloj de ruta, y por la tarde pelot\u00f3n en el aut\u00f3dromo. Al mediodia en el vel\u00f3dromo se correr\u00e1 el keirin.<br \/>\nAdem\u00e1s, Della Torre manifest\u00f3 que \u00abprobablemente en noviembre tengamos el Campeonato Argentino de pista para Elite, asi que ser\u00eda un cierre competitivo a nivel nacional para el H\u00e9ctor Cassina, que va a seguir trabajando luego con las escuelitas y el nuevo vel\u00f3dromo con los grandes eventos\u00bb.<\/p>\n","protected":false},"excerpt":{"rendered":"<p>En el Centro Metropolitano La Estaci\u00f3n se realiz\u00f3 este viernes la entrega de la indumentaria oficial a la selecci\u00f3n argentina<\/p>\n","protected":false},"author":2,"featured_media":58676,"comment_status":"closed","ping_status":"closed","sticky":false,"template":"","format":"standard","meta":{"footnotes":""},"categories":[4,24],"tags":[],"class_list":["post-58675","post","type-post","status-publish","format-standard","has-post-thumbnail","hentry","category-ciclismo","category-noticias-destacadas"],"cc_featured_image_caption":{"caption_text":"","source_text":"","source_url":""},"_links":{"self":[{"href":"https:\/\/todoapulmon-rafaela.com\/index.php\/wp-json\/wp\/v2\/posts\/58675"}],"collection":[{"href":"https:\/\/todoapulmon-rafaela.com\/index.php\/wp-json\/wp\/v2\/posts"}],"about":[{"href":"https:\/\/todoapulmon-rafaela.com\/index.php\/wp-json\/wp\/v2\/types\/post"}],"author":[{"embeddable":true,"href":"https:\/\/todoapulmon-rafaela.com\/index.php\/wp-json\/wp\/v2\/users\/2"}],"replies":[{"embeddable":true,"href":"https:\/\/todoapulmon-rafaela.com\/index.php\/wp-json\/wp\/v2\/comments?post=58675"}],"version-history":[{"count":1,"href":"https:\/\/todoapulmon-rafaela.com\/index.php\/wp-json\/wp\/v2\/posts\/58675\/revisions"}],"predecessor-version":[{"id":58677,"href":"https:\/\/todoapulmon-rafaela.com\/index.php\/wp-json\/wp\/v2\/posts\/58675\/revisions\/58677"}],"wp:featuredmedia":[{"embeddable":true,"href":"https:\/\/todoapulmon-rafaela.com\/index.php\/wp-json\/wp\/v2\/media\/58676"}],"wp:attachment":[{"href":"https:\/\/todoapulmon-rafaela.com\/index.php\/wp-json\/wp\/v2\/media?parent=58675"}],"wp:term":[{"taxonomy":"category","embeddable":true,"href":"https:\/\/todoapulmon-rafaela.com\/index.php\/wp-json\/wp\/v2\/categories?post=58675"},{"taxonomy":"post_tag","embeddable":true,"href":"https:\/\/todoapulmon-rafaela.com\/index.php\/wp-json\/wp\/v2\/tags?post=58675"}],"curies":[{"name":"wp","href":"https:\/\/api.w.org\/{rel}","templated":true}]}}