{"id":58669,"date":"2025-08-01T19:34:10","date_gmt":"2025-08-01T19:34:10","guid":{"rendered":"https:\/\/todoapulmon-rafaela.com\/?p=58669"},"modified":"2025-08-01T19:42:22","modified_gmt":"2025-08-01T19:42:22","slug":"jose-vildoza-seguira-su-carrera-en-espana","status":"publish","type":"post","link":"https:\/\/todoapulmon-rafaela.com\/index.php\/2025\/08\/01\/jose-vildoza-seguira-su-carrera-en-espana\/","title":{"rendered":"Jos\u00e9 Vildoza seguir\u00e1 su carrera en Espa\u00f1a"},"content":{"rendered":"<p>El base cordob\u00e9s Jos\u00e9 Vildoza, MVP de las \u00faltimas dos finales de la Liga Nacional y figura clave en el bicampeonato de Boca Juniors, jugar\u00e1 la pr\u00f3xima temporada en el B\u00e0squet Girona de la Liga ACB. El acuerdo con el club catal\u00e1n, donde ya militan los argentinos Juan Fern\u00e1ndez y M\u00e1ximo Fjellerup, ser\u00e1 por un a\u00f1o, en lo que representa un nuevo paso internacional para el mejor jugador de la competencia nacional en los \u00faltimo a\u00f1os, que dio sus primeros pasos a nivel profesional en Libertad de Sunchales.<\/p>\n<p data-end=\"952\" data-start=\"518\">Vildoza, de 29 a\u00f1os, se encontraba concentrado en Madrid con la selecci\u00f3n argentina de cara a la Americup, mientras analizaba su futuro entre seguir en Boca \u2014que le ofreci\u00f3 un contrato de dos temporadas para consolidarlo como su gran referente\u2014 o regresar al b\u00e1squet europeo. Finalmente, el desaf\u00edo de la ACB y la propuesta deportiva de Girona inclinaron la balanza, permiti\u00e9ndole volver a una de las ligas m\u00e1s competitivas del mundo.<\/p>\n<p data-end=\"1406\" data-is-last-node=\"\" data-is-only-node=\"\" data-start=\"954\">El cordob\u00e9s se despidi\u00f3 de la Liga Nacional en su punto m\u00e1s alto. Fue el jugador m\u00e1s determinante del \u00faltimo tiempo: promedi\u00f3 13.9 puntos, 3.8 asistencias, 4.7 rebotes y 0.9 robos por partido en la fase regular 2024\/25, y elev\u00f3 a\u00fan m\u00e1s su nivel en las Finales, donde sum\u00f3 17.4 puntos y 5.2 asistencias, llev\u00e1ndose el MVP en ambas consagraciones de Boca. Su arribo a Girona lo encuentra maduro, con liderazgo probado y listo para dejar huella en la ACB.<\/p>\n<p data-end=\"1406\" data-is-last-node=\"\" data-is-only-node=\"\" data-start=\"954\">Fuente: B\u00e1squet Plus.<\/p>\n","protected":false},"excerpt":{"rendered":"<p>El base cordob\u00e9s Jos\u00e9 Vildoza, MVP de las \u00faltimas dos finales de la Liga Nacional y figura clave en el<\/p>\n","protected":false},"author":2,"featured_media":57345,"comment_status":"closed","ping_status":"closed","sticky":false,"template":"","format":"standard","meta":{"footnotes":""},"categories":[5],"tags":[],"class_list":["post-58669","post","type-post","status-publish","format-standard","has-post-thumbnail","hentry","category-basquet"],"cc_featured_image_caption":{"caption_text":"","source_text":"","source_url":""},"_links":{"self":[{"href":"https:\/\/todoapulmon-rafaela.com\/index.php\/wp-json\/wp\/v2\/posts\/58669"}],"collection":[{"href":"https:\/\/todoapulmon-rafaela.com\/index.php\/wp-json\/wp\/v2\/posts"}],"about":[{"href":"https:\/\/todoapulmon-rafaela.com\/index.php\/wp-json\/wp\/v2\/types\/post"}],"author":[{"embeddable":true,"href":"https:\/\/todoapulmon-rafaela.com\/index.php\/wp-json\/wp\/v2\/users\/2"}],"replies":[{"embeddable":true,"href":"https:\/\/todoapulmon-rafaela.com\/index.php\/wp-json\/wp\/v2\/comments?post=58669"}],"version-history":[{"count":3,"href":"https:\/\/todoapulmon-rafaela.com\/index.php\/wp-json\/wp\/v2\/posts\/58669\/revisions"}],"predecessor-version":[{"id":58674,"href":"https:\/\/todoapulmon-rafaela.com\/index.php\/wp-json\/wp\/v2\/posts\/58669\/revisions\/58674"}],"wp:featuredmedia":[{"embeddable":true,"href":"https:\/\/todoapulmon-rafaela.com\/index.php\/wp-json\/wp\/v2\/media\/57345"}],"wp:attachment":[{"href":"https:\/\/todoapulmon-rafaela.com\/index.php\/wp-json\/wp\/v2\/media?parent=58669"}],"wp:term":[{"taxonomy":"category","embeddable":true,"href":"https:\/\/todoapulmon-rafaela.com\/index.php\/wp-json\/wp\/v2\/categories?post=58669"},{"taxonomy":"post_tag","embeddable":true,"href":"https:\/\/todoapulmon-rafaela.com\/index.php\/wp-json\/wp\/v2\/tags?post=58669"}],"curies":[{"name":"wp","href":"https:\/\/api.w.org\/{rel}","templated":true}]}}