{"id":58629,"date":"2025-07-31T12:21:19","date_gmt":"2025-07-31T12:21:19","guid":{"rendered":"https:\/\/todoapulmon-rafaela.com\/?p=58629"},"modified":"2025-07-31T12:21:19","modified_gmt":"2025-07-31T12:21:19","slug":"crar-recibe-el-sabado-a-colon","status":"publish","type":"post","link":"https:\/\/todoapulmon-rafaela.com\/index.php\/2025\/07\/31\/crar-recibe-el-sabado-a-colon\/","title":{"rendered":"CRAR recibe el s\u00e1bado a Col\u00f3n"},"content":{"rendered":"<p>Este s\u00e1bado se jugar\u00e1 la segunda fecha de la Zona Ascenso del torneo de la Asociaci\u00f3n Santafesina de Hockey, en la que CRAR ser\u00e1 local ante Col\u00f3n de Santa Fe.<\/p>\n<p>Luego de la suspensi\u00f3n en la mayor\u00eda de las categor\u00edas para el estreno del equipo rafaelino en Franck el pasado fin de semana, tratar\u00e1 de tener una buena jornada en su cancha.<\/p>\n<p>La Tira comenzar\u00e1 a las 9 con las categor\u00edas infantiles y seguir\u00e1 luego en continuado con Sub 12, Sub 14, Sub 16, Sub 19, Reserva y Primera, arrancando el partido principal a las 17.<\/p>\n","protected":false},"excerpt":{"rendered":"<p>Este s\u00e1bado se jugar\u00e1 la segunda fecha de la Zona Ascenso del torneo de la Asociaci\u00f3n Santafesina de Hockey, en<\/p>\n","protected":false},"author":2,"featured_media":58630,"comment_status":"closed","ping_status":"closed","sticky":false,"template":"","format":"standard","meta":{"footnotes":""},"categories":[3,24],"tags":[],"class_list":["post-58629","post","type-post","status-publish","format-standard","has-post-thumbnail","hentry","category-hockey","category-noticias-destacadas"],"cc_featured_image_caption":{"caption_text":"","source_text":"","source_url":""},"_links":{"self":[{"href":"https:\/\/todoapulmon-rafaela.com\/index.php\/wp-json\/wp\/v2\/posts\/58629"}],"collection":[{"href":"https:\/\/todoapulmon-rafaela.com\/index.php\/wp-json\/wp\/v2\/posts"}],"about":[{"href":"https:\/\/todoapulmon-rafaela.com\/index.php\/wp-json\/wp\/v2\/types\/post"}],"author":[{"embeddable":true,"href":"https:\/\/todoapulmon-rafaela.com\/index.php\/wp-json\/wp\/v2\/users\/2"}],"replies":[{"embeddable":true,"href":"https:\/\/todoapulmon-rafaela.com\/index.php\/wp-json\/wp\/v2\/comments?post=58629"}],"version-history":[{"count":1,"href":"https:\/\/todoapulmon-rafaela.com\/index.php\/wp-json\/wp\/v2\/posts\/58629\/revisions"}],"predecessor-version":[{"id":58631,"href":"https:\/\/todoapulmon-rafaela.com\/index.php\/wp-json\/wp\/v2\/posts\/58629\/revisions\/58631"}],"wp:featuredmedia":[{"embeddable":true,"href":"https:\/\/todoapulmon-rafaela.com\/index.php\/wp-json\/wp\/v2\/media\/58630"}],"wp:attachment":[{"href":"https:\/\/todoapulmon-rafaela.com\/index.php\/wp-json\/wp\/v2\/media?parent=58629"}],"wp:term":[{"taxonomy":"category","embeddable":true,"href":"https:\/\/todoapulmon-rafaela.com\/index.php\/wp-json\/wp\/v2\/categories?post=58629"},{"taxonomy":"post_tag","embeddable":true,"href":"https:\/\/todoapulmon-rafaela.com\/index.php\/wp-json\/wp\/v2\/tags?post=58629"}],"curies":[{"name":"wp","href":"https:\/\/api.w.org\/{rel}","templated":true}]}}