{"id":58448,"date":"2025-07-24T12:46:48","date_gmt":"2025-07-24T12:46:48","guid":{"rendered":"https:\/\/todoapulmon-rafaela.com\/?p=58448"},"modified":"2025-07-24T12:46:48","modified_gmt":"2025-07-24T12:46:48","slug":"vuelven-las-formativas-de-la-arb","status":"publish","type":"post","link":"https:\/\/todoapulmon-rafaela.com\/index.php\/2025\/07\/24\/vuelven-las-formativas-de-la-arb\/","title":{"rendered":"Vuelven las Formativas de la ARB"},"content":{"rendered":"<p>La Asociaci\u00f3n Rafaelina de B\u00e1squet reanudar\u00e1 la competencia para las Divisiones Formativas en ambas ramas luego del receso invernal.<\/p>\n<p>Los chicos disputar\u00e1n la d\u00e9cima fecha y estos son los partidos:<\/p>\n<p>Sportivo Ben Hur vs Racing LTC de San Crist\u00f3bal<br \/>\nS\u00e1bado 26 de julio a\u00a0partir de las 09.30 horas<br \/>\nCategor\u00edas: U12, U13 y U15<br \/>\nEl martes 29 se jugar\u00e1 el partido correspondiente a la categor\u00eda U17, desde las 20.45 horas.<br \/>\nEstadio \u201cColiseo del Sur\u201d<\/p>\n<p>Uni\u00f3n de Sunchales vs Independiente<br \/>\nS\u00e1bado 26 de Julio, desde las 09.00 horas<br \/>\nCategor\u00edas: U12, U13, U14, U15 y U17<br \/>\nEstadio \u201cLa Fortaleza\u201d<\/p>\n<p>Atl\u00e9tico de Rafaela vs Argentino Quilmes<br \/>\nS\u00e1bado 26 de julio a las 11.30 horas<br \/>\nCategor\u00eda: U13<br \/>\nEstadio \u201cArq. Lucio Casar\u00edn\u201d.<\/p>\n<p>Pe\u00f1arol vs Atl\u00e9tico Pilar<br \/>\nS\u00e1bado 26 de julio a las 12.00 horas<br \/>\nCategor\u00eda: U15<br \/>\nClub Pe\u00f1arol.<\/p>\n<p>9 de Julio vs Libertad de Sunchales<br \/>\nS\u00e1bado 26 de julio<br \/>\nCategor\u00edas: U13 y U15, desde las 11.00 horas<br \/>\nDomingo 27 de julio<br \/>\nCategor\u00edas: U12 y U14, a partir de las 09.30 horas<br \/>\nMartes 29 de julio<br \/>\nCategor\u00edas: U17 y U21, comenzando a las 19.15 horas<br \/>\nEstadio \u201cCentenario\u201d.<\/p>\n<p><strong>EN LA RAMA FEMENINA<\/strong><\/p>\n<p>Por el lado de las chicas, pondr\u00e1n en marcha el Torneo Clausura con la disputa de la primera fecha. Estos son los partidos:<\/p>\n<p>Independiente de Ataliva vs Uni\u00f3n de Sunchales<br \/>\nS\u00e1bado 26 de julio desde las 13.30 horas<br \/>\nCategor\u00edas: U13, U15 y U17<br \/>\nEstadio \u201cPasi\u00f3n Roja\u201d.<\/p>\n<p>Racing LTC de San Crist\u00f3bal vs Pe\u00f1arol<br \/>\nDomingo 27 de julio a\u00a0partir de las 12.30 horas<br \/>\nCategor\u00edas: U13 y U15<br \/>\nEstadio \u201cAmancio Fuentes\u201d.<\/p>\n<p>Libertad vs Independiente y Ben Hur vs Pilar jugar\u00e1n el fin de semana del 2 y 3 de agosto.<\/p>\n","protected":false},"excerpt":{"rendered":"<p>La Asociaci\u00f3n Rafaelina de B\u00e1squet reanudar\u00e1 la competencia para las Divisiones Formativas en ambas ramas luego del receso invernal. Los<\/p>\n","protected":false},"author":2,"featured_media":58449,"comment_status":"closed","ping_status":"closed","sticky":false,"template":"","format":"standard","meta":{"footnotes":""},"categories":[5],"tags":[],"class_list":["post-58448","post","type-post","status-publish","format-standard","has-post-thumbnail","hentry","category-basquet"],"cc_featured_image_caption":{"caption_text":"","source_text":"","source_url":""},"_links":{"self":[{"href":"https:\/\/todoapulmon-rafaela.com\/index.php\/wp-json\/wp\/v2\/posts\/58448"}],"collection":[{"href":"https:\/\/todoapulmon-rafaela.com\/index.php\/wp-json\/wp\/v2\/posts"}],"about":[{"href":"https:\/\/todoapulmon-rafaela.com\/index.php\/wp-json\/wp\/v2\/types\/post"}],"author":[{"embeddable":true,"href":"https:\/\/todoapulmon-rafaela.com\/index.php\/wp-json\/wp\/v2\/users\/2"}],"replies":[{"embeddable":true,"href":"https:\/\/todoapulmon-rafaela.com\/index.php\/wp-json\/wp\/v2\/comments?post=58448"}],"version-history":[{"count":1,"href":"https:\/\/todoapulmon-rafaela.com\/index.php\/wp-json\/wp\/v2\/posts\/58448\/revisions"}],"predecessor-version":[{"id":58450,"href":"https:\/\/todoapulmon-rafaela.com\/index.php\/wp-json\/wp\/v2\/posts\/58448\/revisions\/58450"}],"wp:featuredmedia":[{"embeddable":true,"href":"https:\/\/todoapulmon-rafaela.com\/index.php\/wp-json\/wp\/v2\/media\/58449"}],"wp:attachment":[{"href":"https:\/\/todoapulmon-rafaela.com\/index.php\/wp-json\/wp\/v2\/media?parent=58448"}],"wp:term":[{"taxonomy":"category","embeddable":true,"href":"https:\/\/todoapulmon-rafaela.com\/index.php\/wp-json\/wp\/v2\/categories?post=58448"},{"taxonomy":"post_tag","embeddable":true,"href":"https:\/\/todoapulmon-rafaela.com\/index.php\/wp-json\/wp\/v2\/tags?post=58448"}],"curies":[{"name":"wp","href":"https:\/\/api.w.org\/{rel}","templated":true}]}}