{"id":58428,"date":"2025-07-23T13:24:45","date_gmt":"2025-07-23T13:24:45","guid":{"rendered":"https:\/\/todoapulmon-rafaela.com\/?p=58428"},"modified":"2025-07-23T13:24:45","modified_gmt":"2025-07-23T13:24:45","slug":"crar-iniciara-este-sabado-el-torneo-oficial-de-la-ash","status":"publish","type":"post","link":"https:\/\/todoapulmon-rafaela.com\/index.php\/2025\/07\/23\/crar-iniciara-este-sabado-el-torneo-oficial-de-la-ash\/","title":{"rendered":"CRAR iniciar\u00e1 este s\u00e1bado el torneo Oficial de la ASH"},"content":{"rendered":"<p>El principal desaf\u00edo en el a\u00f1o de regreso de CRAR a la Asociaci\u00f3n Santafesina empezar\u00e1 a transitarlo desde el s\u00e1bado, con el inicio del torneo Oficial en la Zona Ascenso.<br \/>\nLuego de haber jugado muy poco (siete partidos) en el Dos Orillas en la primera parte del a\u00f1o, el equipo dirigido por Pamela Dominguez tendr\u00e1 ahora un ritmo de competencia m\u00e1s intenso.<br \/>\nEn la Zona Ascenso habr\u00e1 10 formaciones: Col\u00f3n de San Justo, El Quill\u00e1 Amarillo, Col\u00f3n, Atl\u00e9tico Franck, Santa Fe RC Azul, Uni\u00f3n, CRAI Blanco, CRAR, Alma Juniors Blanco y El Quill\u00e1 Blanco.<br \/>\nEl formato ser\u00e1 de una rueda en la que se enfrentar\u00e1n a nueve jornadas, todos contra todos. Los que terminen en el primer y segundo puesto de la divisional mayor obtendr\u00e1n los ascensos.<br \/>\n\u00abLos clubes que ascienden, para ocupar la plaza en el 2026, debieron completar todas las categor\u00edas del mismo club, en 2025. De no cumplimentar este requisito, no podr\u00e1 ocupar la plaza en el a\u00f1o siguiente, teniendo la opci\u00f3n de ascender el equipo siguiente que complete todas las categor\u00edas\u00bb, aclar\u00f3 en su reglamento la Asociaci\u00f3n Santafesina.<\/p>\n<p><strong>FRANCK, EL PRIMER RIVAL<\/strong><br \/>\nEl C\u00edrculo Rafaelino viajar\u00e1 a Franck el s\u00e1bado para disputar la primera fecha. Los horarios de los partidos ser\u00e1n: 9 horas infantiles; 10.15 Sub 12; 11.15 Sub 14; Sub 16 12.30; Sub 19 Sub 14; Reserva 15.30 y Primera 17.<\/p>\n","protected":false},"excerpt":{"rendered":"<p>El principal desaf\u00edo en el a\u00f1o de regreso de CRAR a la Asociaci\u00f3n Santafesina empezar\u00e1 a transitarlo desde el s\u00e1bado,<\/p>\n","protected":false},"author":2,"featured_media":58430,"comment_status":"closed","ping_status":"closed","sticky":false,"template":"","format":"standard","meta":{"footnotes":""},"categories":[3,24],"tags":[],"class_list":["post-58428","post","type-post","status-publish","format-standard","has-post-thumbnail","hentry","category-hockey","category-noticias-destacadas"],"cc_featured_image_caption":{"caption_text":"","source_text":"","source_url":""},"_links":{"self":[{"href":"https:\/\/todoapulmon-rafaela.com\/index.php\/wp-json\/wp\/v2\/posts\/58428"}],"collection":[{"href":"https:\/\/todoapulmon-rafaela.com\/index.php\/wp-json\/wp\/v2\/posts"}],"about":[{"href":"https:\/\/todoapulmon-rafaela.com\/index.php\/wp-json\/wp\/v2\/types\/post"}],"author":[{"embeddable":true,"href":"https:\/\/todoapulmon-rafaela.com\/index.php\/wp-json\/wp\/v2\/users\/2"}],"replies":[{"embeddable":true,"href":"https:\/\/todoapulmon-rafaela.com\/index.php\/wp-json\/wp\/v2\/comments?post=58428"}],"version-history":[{"count":1,"href":"https:\/\/todoapulmon-rafaela.com\/index.php\/wp-json\/wp\/v2\/posts\/58428\/revisions"}],"predecessor-version":[{"id":58429,"href":"https:\/\/todoapulmon-rafaela.com\/index.php\/wp-json\/wp\/v2\/posts\/58428\/revisions\/58429"}],"wp:featuredmedia":[{"embeddable":true,"href":"https:\/\/todoapulmon-rafaela.com\/index.php\/wp-json\/wp\/v2\/media\/58430"}],"wp:attachment":[{"href":"https:\/\/todoapulmon-rafaela.com\/index.php\/wp-json\/wp\/v2\/media?parent=58428"}],"wp:term":[{"taxonomy":"category","embeddable":true,"href":"https:\/\/todoapulmon-rafaela.com\/index.php\/wp-json\/wp\/v2\/categories?post=58428"},{"taxonomy":"post_tag","embeddable":true,"href":"https:\/\/todoapulmon-rafaela.com\/index.php\/wp-json\/wp\/v2\/tags?post=58428"}],"curies":[{"name":"wp","href":"https:\/\/api.w.org\/{rel}","templated":true}]}}